{"id":22022,"date":"2026-02-03T23:36:03","date_gmt":"2026-02-03T23:36:03","guid":{"rendered":"https:\/\/boletinsonora.com.mx\/?p=22022"},"modified":"2026-02-20T23:37:55","modified_gmt":"2026-02-20T23:37:55","slug":"balance-previo-al-t-mec-mexico-reporta-mejoras-en-seguridad-e-intercambio","status":"publish","type":"post","link":"https:\/\/boletinsonora.com.mx\/?p=22022","title":{"rendered":"Balance previo al T-MEC: M\u00e9xico reporta mejoras en seguridad e intercambio"},"content":{"rendered":"\n<p>La presidenta Claudia Sheinbaum asegur\u00f3 que M\u00e9xico registra avances positivos en materia de seguridad y comercio previo a la revisi\u00f3n del&nbsp;<strong><a href=\"https:\/\/sipse.com\/mexico\/ebrard-afirma-que-el-t-mec-cambiara-pero-buscaran-mantenerlo-503457.html\" target=\"_blank\" rel=\"noreferrer noopener\">Tratado entre M\u00e9xico, Estados Unidos y Canad\u00e1 (T-MEC)<\/a><\/strong>, un proceso que se encuentra ya en una etapa avanzada.<\/p>\n\n\n\n<p>Desde Palacio Nacional, la mandataria mexicana explic\u00f3 que los temas forman parte de la agenda bilateral con Estados Unidos y, en el \u00e1mbito comercial, tambi\u00e9n involucran a Canad\u00e1.<\/p>\n\n\n\n<blockquote class=\"wp-block-quote is-layout-flow wp-block-quote-is-layout-flow\">\n<p><em>\u201cEn lo comercial tambi\u00e9n vamos bien\u201d, asegur\u00f3.<\/em><\/p>\n<\/blockquote>\n\n\n\n<h2 class=\"wp-block-heading\">Pactos podr\u00edan concluir en los pr\u00f3ximos meses&nbsp;<\/h2>\n\n\n\n<p>Sheinbaum afirm\u00f3 que, pese a los retos recientes planteados por el presidente estadounidense Donald Trump, el balance es favorable y se espera que los acuerdos concluyan en los pr\u00f3ximos meses.&nbsp;<\/p>\n\n\n\n<blockquote class=\"wp-block-quote is-layout-flow wp-block-quote-is-layout-flow\">\n<p><em>\u201cEste a\u00f1o se va a cerrar el tema del tratado. No es una renegociaci\u00f3n, es una revisi\u00f3n solamente, y va muy avanzado, aun con todas las circunstancias que hoy el gobierno de los Estados Unidos ha planteado\u201d,&nbsp;<\/em>aclar\u00f3 ante la prensa en su conferencia matutina de este martes 3 de febrero.<\/p>\n<\/blockquote>\n\n\n\n<h2 class=\"wp-block-heading\">Ampliaci\u00f3n de la vigencia del T-MEC<\/h2>\n\n\n\n<p>Cuestionada sobre la posible ampliaci\u00f3n de la vigencia del T-MEC a 16 a\u00f1os, la presidenta indic\u00f3 que el tema a\u00fan est\u00e1 bajo an\u00e1lisis y detall\u00f3 que ya se realiz\u00f3 una consulta al respecto y que el documento resultante ser\u00e1 presentado pr\u00f3ximamente por Marcelo Ebrard, titular de la Secretar\u00eda de Econom\u00eda.<\/p>\n\n\n\n<p>En ese contexto, a finales de enero, Ebrard inform\u00f3 sobre los avances derivados de su reuni\u00f3n con el secretario de Comercio de Estados Unidos, Howard Lutnick, la cual calific\u00f3 como positiva.&nbsp;<\/p>\n\n\n\n<blockquote class=\"wp-block-quote is-layout-flow wp-block-quote-is-layout-flow\">\n<p><em>\u201cConversamos sobre comercio e inversiones entre ambos pa\u00edses, me pareci\u00f3 positiva y cordial\u201d, afirm\u00f3.<\/em><\/p>\n<\/blockquote>\n\n\n\n<p>Entre los puntos centrales abordados durante el encuentro en Washington, D.C., destacan:&nbsp;<\/p>\n\n\n\n<ul class=\"wp-block-list\">\n<li>Llegada de nuevas inversiones<\/li>\n\n\n\n<li>Iimpulso a las exportaciones mexicanas<\/li>\n\n\n\n<li>Revisi\u00f3n de aranceles y otros temas clave del comercio bilateral, lo que refuerza el optimismo del gobierno mexicano ante la revisi\u00f3n del T-MEC.<\/li>\n<\/ul>\n","protected":false},"excerpt":{"rendered":"<p>La presidenta Claudia Sheinbaum asegur\u00f3 que M\u00e9xico registra avances positivos en materia de seguridad y comercio previo a la revisi\u00f3n del&nbsp;Tratado entre M\u00e9xico, Estados Unidos y Canad\u00e1 (T-MEC), un proceso que se encuentra ya en una etapa avanzada. Desde Palacio Nacional, la mandataria mexicana explic\u00f3 que los temas forman parte de la agenda bilateral con Estados Unidos y, en el \u00e1mbito comercial, tambi\u00e9n involucran a Canad\u00e1. \u201cEn lo comercial tambi\u00e9n vamos bien\u201d, asegur\u00f3. Pactos podr\u00edan concluir en los pr\u00f3ximos meses&nbsp; Sheinbaum afirm\u00f3 que, pese a los retos recientes planteados por el presidente estadounidense Donald Trump, el balance es favorable y&#8230;<\/p>\n","protected":false},"author":13,"featured_media":22023,"comment_status":"closed","ping_status":"closed","sticky":false,"template":"","format":"standard","meta":{"footnotes":""},"categories":[38],"tags":[4359,4358,285],"class_list":["post-22022","post","type-post","status-publish","format-standard","has-post-thumbnail","hentry","category-economia","tag-mejoras-en-seguridad","tag-reporte","tag-t-mec"],"acf":[],"_links":{"self":[{"href":"https:\/\/boletinsonora.com.mx\/index.php?rest_route=\/wp\/v2\/posts\/22022","targetHints":{"allow":["GET"]}}],"collection":[{"href":"https:\/\/boletinsonora.com.mx\/index.php?rest_route=\/wp\/v2\/posts"}],"about":[{"href":"https:\/\/boletinsonora.com.mx\/index.php?rest_route=\/wp\/v2\/types\/post"}],"author":[{"embeddable":true,"href":"https:\/\/boletinsonora.com.mx\/index.php?rest_route=\/wp\/v2\/users\/13"}],"replies":[{"embeddable":true,"href":"https:\/\/boletinsonora.com.mx\/index.php?rest_route=%2Fwp%2Fv2%2Fcomments&post=22022"}],"version-history":[{"count":1,"href":"https:\/\/boletinsonora.com.mx\/index.php?rest_route=\/wp\/v2\/posts\/22022\/revisions"}],"predecessor-version":[{"id":22024,"href":"https:\/\/boletinsonora.com.mx\/index.php?rest_route=\/wp\/v2\/posts\/22022\/revisions\/22024"}],"wp:featuredmedia":[{"embeddable":true,"href":"https:\/\/boletinsonora.com.mx\/index.php?rest_route=\/wp\/v2\/media\/22023"}],"wp:attachment":[{"href":"https:\/\/boletinsonora.com.mx\/index.php?rest_route=%2Fwp%2Fv2%2Fmedia&parent=22022"}],"wp:term":[{"taxonomy":"category","embeddable":true,"href":"https:\/\/boletinsonora.com.mx\/index.php?rest_route=%2Fwp%2Fv2%2Fcategories&post=22022"},{"taxonomy":"post_tag","embeddable":true,"href":"https:\/\/boletinsonora.com.mx\/index.php?rest_route=%2Fwp%2Fv2%2Ftags&post=22022"}],"curies":[{"name":"wp","href":"https:\/\/api.w.org\/{rel}","templated":true}]}}