{"id":22025,"date":"2026-02-04T23:38:46","date_gmt":"2026-02-04T23:38:46","guid":{"rendered":"https:\/\/boletinsonora.com.mx\/?p=22025"},"modified":"2026-02-23T01:18:04","modified_gmt":"2026-02-23T01:18:04","slug":"tras-captura-de-el-mayo-la-violencia-en-sinaloa-disminuyo-asegura-sheinbaum","status":"publish","type":"post","link":"https:\/\/boletinsonora.com.mx\/?p=22025","title":{"rendered":"Tras captura de &#8216;El Mayo&#8217;, la violencia en Sinaloa disminuy\u00f3, asegura Sheinbaum"},"content":{"rendered":"\n<p>La presidenta Claudia Sheinbaum afirm\u00f3 que la violencia en Sinaloa mostr\u00f3 una disminuci\u00f3n y se\u00f1al\u00f3 que el repunte previo estuvo vinculado a una confrontaci\u00f3n entre el C\u00e1rtel de Sinaloa y Los Mayos, originada tras el arresto de&nbsp;<strong><a href=\"https:\/\/sipse.com\/mundo\/piden-aplazar-sentencia-de-el-mayo-zambada-por-violencia-en-mexico-500884.html\" target=\"_blank\" rel=\"noreferrer noopener\">Ismael \u201cEl Mayo\u201d Zambada.<\/a><\/strong><\/p>\n\n\n\n<p>Durante su conferencia matutina, la mandataria fue cuestionada sobre la situaci\u00f3n de inseguridad en el estado. En respuesta, se\u00f1al\u00f3 que los indicadores, particularmente el n\u00famero de homicidios, muestran una reducci\u00f3n y reiter\u00f3 que el origen de la violencia fue la divisi\u00f3n interna del grupo criminal.<\/p>\n\n\n\n<blockquote class=\"wp-block-quote is-layout-flow wp-block-quote-is-layout-flow\">\n<p><em>\u201cHa disminuido el n\u00famero de homicidios. \u00bfQu\u00e9 fue lo que desat\u00f3 esta violencia? La divisi\u00f3n de un grupo delincuencial, provocada por uno de los jefes de este grupo a Estados Unidos, cosa que nunca qued\u00f3 muy clara c\u00f3mo fue, eso provoc\u00f3 una pugna interna\u201d, afirm\u00f3 en Palacio Nacional.<\/em><\/p>\n<\/blockquote>\n\n\n\n<h2 class=\"wp-block-heading\">DUDAS SOBRE LA DETENCI\u00d3N DE ZAMBADA<\/h2>\n\n\n\n<p>Sheinbaum tambi\u00e9n se\u00f1al\u00f3 que persisten dudas sobre la forma en que El Mayo Zambada fue detenido por en Estados Unidos, en julio de 2024, luego de que Joaqu\u00edn Guzm\u00e1n L\u00f3pez, hijo de Joaqu\u00edn \u201cEl Chapo\u201d Guzm\u00e1n, lo entregara en Texas.&nbsp;<\/p>\n\n\n\n<p>La mandataria mexicana record\u00f3 que este hecho gener\u00f3 controversia durante el \u00faltimo a\u00f1o del gobierno del expresidente Andr\u00e9s Manuel L\u00f3pez Obrador, ante la negativa de Estados Unidos a compartir detalles sobre el traslado del capo desde Sinaloa.<\/p>\n\n\n\n<h2 class=\"wp-block-heading\">ENFRENTAMIENTOS ENTRE BANDAS CRIMINALES&nbsp;<\/h2>\n\n\n\n<p>En cuanto a la estrategia de seguridad, la presidenta enfatiz\u00f3 que su administraci\u00f3n busca evitar que los enfrentamientos entre grupos criminales afecten a la poblaci\u00f3n civil, descartando una intervenci\u00f3n militar directa.&nbsp;<\/p>\n\n\n\n<p>Se\u00f1al\u00f3 que este enfoque ya fue aplicado durante el sexenio de Felipe Calder\u00f3n y, afirm\u00f3, \u201cgener\u00f3 mucha m\u00e1s violencia\u201d.<\/p>\n\n\n\n<blockquote class=\"wp-block-quote is-layout-flow wp-block-quote-is-layout-flow\">\n<p><em>\u201c\u00bfQu\u00e9 hacemos nosotros? Buscar, evitar afectaci\u00f3n a los civiles a la gente, nuestra pol\u00edtica no es el enfrentamiento militar por que eso ya se prob\u00f3 en M\u00e9xico del 2006 al 2012 y lo que se gener\u00f3 \u201cfue mucha m\u00e1s violencia\u201d.<\/em><\/p>\n<\/blockquote>\n\n\n\n<p>Finalmente, explic\u00f3 que la estrategia del gobierno federal se centra en la detenci\u00f3n de presuntos delincuentes \u201cen el marco de la ley\u201d, con investigaciones s\u00f3lidas, as\u00ed como en la atenci\u00f3n a las causas estructurales de la violencia. Esto incluye programas y acciones dirigidas a evitar que j\u00f3venes se integren a grupos del crimen organizado y a proteger a la poblaci\u00f3n civil.<\/p>\n\n\n\n<blockquote class=\"wp-block-quote is-layout-flow wp-block-quote-is-layout-flow\">\n<p><em>\u201cLo que se busca es la detenci\u00f3n en el marco de la ley de los grupos delincuenciales, para poder detener a un presunto delincuente tiene que haber una carpeta de investigaci\u00f3n y su detenci\u00f3n y al mismo tiempo atender las causas, que los j\u00f3venes no se acerquen a los grupos delincuenciales y evitar que haya afectaci\u00f3n a la poblaci\u00f3n civil, esta es la estrategia\u201d.<\/em><\/p>\n<\/blockquote>\n","protected":false},"excerpt":{"rendered":"<p>La presidenta Claudia Sheinbaum afirm\u00f3 que la violencia en Sinaloa mostr\u00f3 una disminuci\u00f3n y se\u00f1al\u00f3 que el repunte previo estuvo vinculado a una confrontaci\u00f3n entre el C\u00e1rtel de Sinaloa y Los Mayos, originada tras el arresto de&nbsp;Ismael \u201cEl Mayo\u201d Zambada. Durante su conferencia matutina, la mandataria fue cuestionada sobre la situaci\u00f3n de inseguridad en el estado. En respuesta, se\u00f1al\u00f3 que los indicadores, particularmente el n\u00famero de homicidios, muestran una reducci\u00f3n y reiter\u00f3 que el origen de la violencia fue la divisi\u00f3n interna del grupo criminal. \u201cHa disminuido el n\u00famero de homicidios. \u00bfQu\u00e9 fue lo que desat\u00f3 esta violencia? La divisi\u00f3n&#8230;<\/p>\n","protected":false},"author":13,"featured_media":22026,"comment_status":"closed","ping_status":"closed","sticky":false,"template":"","format":"standard","meta":{"footnotes":""},"categories":[37],"tags":[3703,1074,192],"class_list":["post-22025","post","type-post","status-publish","format-standard","has-post-thumbnail","hentry","category-politica","tag-disminucion","tag-el-mayo","tag-violencia"],"acf":[],"_links":{"self":[{"href":"https:\/\/boletinsonora.com.mx\/index.php?rest_route=\/wp\/v2\/posts\/22025","targetHints":{"allow":["GET"]}}],"collection":[{"href":"https:\/\/boletinsonora.com.mx\/index.php?rest_route=\/wp\/v2\/posts"}],"about":[{"href":"https:\/\/boletinsonora.com.mx\/index.php?rest_route=\/wp\/v2\/types\/post"}],"author":[{"embeddable":true,"href":"https:\/\/boletinsonora.com.mx\/index.php?rest_route=\/wp\/v2\/users\/13"}],"replies":[{"embeddable":true,"href":"https:\/\/boletinsonora.com.mx\/index.php?rest_route=%2Fwp%2Fv2%2Fcomments&post=22025"}],"version-history":[{"count":1,"href":"https:\/\/boletinsonora.com.mx\/index.php?rest_route=\/wp\/v2\/posts\/22025\/revisions"}],"predecessor-version":[{"id":22027,"href":"https:\/\/boletinsonora.com.mx\/index.php?rest_route=\/wp\/v2\/posts\/22025\/revisions\/22027"}],"wp:featuredmedia":[{"embeddable":true,"href":"https:\/\/boletinsonora.com.mx\/index.php?rest_route=\/wp\/v2\/media\/22026"}],"wp:attachment":[{"href":"https:\/\/boletinsonora.com.mx\/index.php?rest_route=%2Fwp%2Fv2%2Fmedia&parent=22025"}],"wp:term":[{"taxonomy":"category","embeddable":true,"href":"https:\/\/boletinsonora.com.mx\/index.php?rest_route=%2Fwp%2Fv2%2Fcategories&post=22025"},{"taxonomy":"post_tag","embeddable":true,"href":"https:\/\/boletinsonora.com.mx\/index.php?rest_route=%2Fwp%2Fv2%2Ftags&post=22025"}],"curies":[{"name":"wp","href":"https:\/\/api.w.org\/{rel}","templated":true}]}}