{"id":22034,"date":"2026-02-05T23:54:02","date_gmt":"2026-02-05T23:54:02","guid":{"rendered":"https:\/\/boletinsonora.com.mx\/?p=22034"},"modified":"2026-02-20T23:55:36","modified_gmt":"2026-02-20T23:55:36","slug":"no-habra-cambios-la-reforma-electoral-mantiene-a-los-plurinominales-en-el-congreso","status":"publish","type":"post","link":"https:\/\/boletinsonora.com.mx\/?p=22034","title":{"rendered":"No habr\u00e1 cambios: la reforma electoral mantiene a los plurinominales en el Congreso"},"content":{"rendered":"\n<p>El diputado&nbsp;<strong>Ricardo Monreal \u00c1vila<\/strong>, coordinador de la bancada de&nbsp;<strong>Morena<\/strong>&nbsp;en la C\u00e1mara de Diputados, afirm\u00f3 que en la reforma electoral que se discute actualmente no se incluir\u00e1 una reducci\u00f3n de los legisladores plurinominales.<\/p>\n\n\n\n<p>Seg\u00fan Monreal, ese tema \u201cest\u00e1 superado\u201d y en las propuestas que se trabajan se contempla mantener la figura tal como est\u00e1 en la Constituci\u00f3n.&nbsp;<\/p>\n\n\n\n<p>Monreal explic\u00f3 en declaraciones a medios que la discusi\u00f3n sobre la representaci\u00f3n proporcional, se\u00f1alada inicialmente como posible ajuste en el proyecto de reforma, ha quedado fuera de los planteamientos centrales que ser\u00e1n presentados pr\u00f3ximamente.<\/p>\n\n\n\n<p>Tambi\u00e9n se\u00f1al\u00f3 que se eval\u00faan mecanismos para&nbsp;<strong>vincular m\u00e1s a los diputados plurinominales con la sociedad<\/strong>, aunque sin disminuir su n\u00famero.<\/p>\n\n\n\n<h2 class=\"wp-block-heading\">Debates y percepciones en torno a los plurinominales<\/h2>\n\n\n\n<p>La figura de los diputados y senadores plurinominales \u2014cargos asignados por representaci\u00f3n proporcional de los partidos pol\u00edticos\u2014 ha sido objeto de debate en las discusiones preliminares sobre la reforma electoral, con distintos sectores pol\u00edticos proponiendo mantener, modificar o replantear su funci\u00f3n.<\/p>\n\n\n\n<p>La postura de Monreal llega mientras el proyecto de reforma electoral a\u00fan no ha sido enviado formalmente al Congreso y contin\u00faa en reuniones de di\u00e1logo entre legisladores de Morena, del Partido del Trabajo y del Partido Verde Ecologista de M\u00e9xico, con el objetivo de definir los t\u00e9rminos de la iniciativa antes de su presentaci\u00f3n oficial.<\/p>\n\n\n\n<h2 class=\"wp-block-heading\">Expectativas del proceso legislativo<\/h2>\n\n\n\n<p>Monreal ha reiterado que la reforma electoral ser\u00e1 un proceso de discusi\u00f3n amplio en el Legislativo y que se buscar\u00e1 llegar a consensos con aliados y partidos de oposici\u00f3n antes de definir el contenido final del proyecto.<\/p>\n\n\n\n<p>De momento, no hay un documento oficial presentado para su an\u00e1lisis en comisiones.&nbsp;<\/p>\n\n\n\n<h2 class=\"wp-block-heading\">Qu\u00e9 son los legisladores plurinominales<\/h2>\n\n\n\n<p>Los puestos plurinominales son espacios en la&nbsp;<strong>C\u00e1mara de Diputados y el Senado<\/strong>&nbsp;asignados de acuerdo con la representaci\u00f3n proporcional de los partidos pol\u00edticos a nivel nacional o regional, y su funci\u00f3n es complementar la representaci\u00f3n territorial de las bancadas en estos \u00f3rganos legislativos.<\/p>\n","protected":false},"excerpt":{"rendered":"<p>El diputado&nbsp;Ricardo Monreal \u00c1vila, coordinador de la bancada de&nbsp;Morena&nbsp;en la C\u00e1mara de Diputados, afirm\u00f3 que en la reforma electoral que se discute actualmente no se incluir\u00e1 una reducci\u00f3n de los legisladores plurinominales. Seg\u00fan Monreal, ese tema \u201cest\u00e1 superado\u201d y en las propuestas que se trabajan se contempla mantener la figura tal como est\u00e1 en la Constituci\u00f3n.&nbsp; Monreal explic\u00f3 en declaraciones a medios que la discusi\u00f3n sobre la representaci\u00f3n proporcional, se\u00f1alada inicialmente como posible ajuste en el proyecto de reforma, ha quedado fuera de los planteamientos centrales que ser\u00e1n presentados pr\u00f3ximamente. Tambi\u00e9n se\u00f1al\u00f3 que se eval\u00faan mecanismos para&nbsp;vincular m\u00e1s a los&#8230;<\/p>\n","protected":false},"author":13,"featured_media":22035,"comment_status":"closed","ping_status":"closed","sticky":false,"template":"","format":"standard","meta":{"footnotes":""},"categories":[37],"tags":[1309,1104,864],"class_list":["post-22034","post","type-post","status-publish","format-standard","has-post-thumbnail","hentry","category-politica","tag-congreso","tag-plurinominales","tag-reforma-electoral"],"acf":[],"_links":{"self":[{"href":"https:\/\/boletinsonora.com.mx\/index.php?rest_route=\/wp\/v2\/posts\/22034","targetHints":{"allow":["GET"]}}],"collection":[{"href":"https:\/\/boletinsonora.com.mx\/index.php?rest_route=\/wp\/v2\/posts"}],"about":[{"href":"https:\/\/boletinsonora.com.mx\/index.php?rest_route=\/wp\/v2\/types\/post"}],"author":[{"embeddable":true,"href":"https:\/\/boletinsonora.com.mx\/index.php?rest_route=\/wp\/v2\/users\/13"}],"replies":[{"embeddable":true,"href":"https:\/\/boletinsonora.com.mx\/index.php?rest_route=%2Fwp%2Fv2%2Fcomments&post=22034"}],"version-history":[{"count":1,"href":"https:\/\/boletinsonora.com.mx\/index.php?rest_route=\/wp\/v2\/posts\/22034\/revisions"}],"predecessor-version":[{"id":22036,"href":"https:\/\/boletinsonora.com.mx\/index.php?rest_route=\/wp\/v2\/posts\/22034\/revisions\/22036"}],"wp:featuredmedia":[{"embeddable":true,"href":"https:\/\/boletinsonora.com.mx\/index.php?rest_route=\/wp\/v2\/media\/22035"}],"wp:attachment":[{"href":"https:\/\/boletinsonora.com.mx\/index.php?rest_route=%2Fwp%2Fv2%2Fmedia&parent=22034"}],"wp:term":[{"taxonomy":"category","embeddable":true,"href":"https:\/\/boletinsonora.com.mx\/index.php?rest_route=%2Fwp%2Fv2%2Fcategories&post=22034"},{"taxonomy":"post_tag","embeddable":true,"href":"https:\/\/boletinsonora.com.mx\/index.php?rest_route=%2Fwp%2Fv2%2Ftags&post=22034"}],"curies":[{"name":"wp","href":"https:\/\/api.w.org\/{rel}","templated":true}]}}