{"id":22037,"date":"2026-02-06T23:56:14","date_gmt":"2026-02-06T23:56:14","guid":{"rendered":"https:\/\/boletinsonora.com.mx\/?p=22037"},"modified":"2026-02-20T23:58:10","modified_gmt":"2026-02-20T23:58:10","slug":"tras-criticas-por-acto-protocolario-sheinbaum-defiende-a-funcionario-que-le-limpio-el-calzado","status":"publish","type":"post","link":"https:\/\/boletinsonora.com.mx\/?p=22037","title":{"rendered":"Tras cr\u00edticas por acto protocolario, Sheinbaum defiende a funcionario que le limpi\u00f3 el calzado"},"content":{"rendered":"\n<p>La presidenta Claudia Sheinbaum sali\u00f3 en defensa de Hugo Aguilar, ministro presidente de la Suprema Corte de Justicia de la Naci\u00f3n, tras difundirse un video en el que se observa a dos asistentes&nbsp;<strong><a href=\"https:\/\/sipse.com\/mexico\/limpian-los-zapatos-del-presidente-de-la-scjn-abuso-de-poder-503693.html\" target=\"_blank\" rel=\"noreferrer noopener\">limpi\u00e1ndole los zapatos.<\/a><\/strong><\/p>\n\n\n\n<p>Este pol\u00e9mico incidente, que gener\u00f3 cr\u00edticas en redes sociales y en la opini\u00f3n p\u00fablica, tuvo lugar previo al aniversario de la Constituci\u00f3n Mexicana.<\/p>\n\n\n\n<h2 class=\"wp-block-heading\">El ministro de la SCJN ya se disculp\u00f3, aclara Sheinbaum<\/h2>\n\n\n\n<p>Durante su conferencia matutina de este 6 de febrero, la mandataria record\u00f3 que el propio ministro de la SCJN ya ofreci\u00f3 una disculpa p\u00fablica y explic\u00f3 las circunstancias en las que ocurri\u00f3 el episodio.&nbsp;<\/p>\n\n\n\n<p>En ese sentido, Sheinbaum consider\u00f3 que la pol\u00e9mica se ha magnificado por sectores opositores inconformes con la reforma al Poder Judicial.<\/p>\n\n\n\n<blockquote class=\"wp-block-quote is-layout-flow wp-block-quote-is-layout-flow\">\n<p><em>\u201c\u00c9l ya sac\u00f3 una comunicaci\u00f3n, dio las razones de lo que ocurri\u00f3 incluso ofreci\u00f3 disculpas y digamos que \u00e9l tiene que dar su explicaci\u00f3n, pero ahora todo lo que han hecho alrededor de esto, principalmente por que no est\u00e1n de acuerdo con el cambio en el Poder Judicial\u201d,&nbsp;<\/em>se\u00f1al\u00f3 la presidenta.<\/p>\n<\/blockquote>\n\n\n\n<h2 class=\"wp-block-heading\">\u00bfQu\u00e9 respondi\u00f3 Hugo Aguilar, ministro presidente de la SCJN?<\/h2>\n\n\n\n<p>Despu\u00e9s de varias cr\u00edticas en redes sociales,&nbsp;<strong><a href=\"https:\/\/sipse.com\/mexico\/rechaza-soberbia-tras-video-difundido-aclara-hugo-aguilar-503712.html\" target=\"_blank\" rel=\"noreferrer noopener\">Aguilar public\u00f3 un mensaje en X<\/a><\/strong>&nbsp;(antes Twitter) donde aclara que todo fue un malentendido y que en realidad se trat\u00f3 de un accidente.<\/p>\n\n\n\n<blockquote class=\"wp-block-quote is-layout-flow wp-block-quote-is-layout-flow\">\n<p><em>\u201cA mi compa\u00f1era, directora de Comunicaci\u00f3n Social, se le cay\u00f3 caf\u00e9 y nata. No nos dimos cuenta que me hab\u00eda salpicado en el zapato y cuando ella se percata, trat\u00f3 de resolver la situaci\u00f3n. Esto me tom\u00f3 por sorpresa y es el momento que ahora se difunde\u201d, declar\u00f3.<\/em><\/p>\n\n\n\n<p><em>\u201cA Amanda P\u00e9rez, agradezco su gesto. En cuanto me percat\u00e9 le ped\u00ed que no continuara. A\u00fan as\u00ed, le ofrezco una disculpa y le reitero mi respeto. Sin duda, este hecho no representa el actuar institucional de la SCJN ni la forma en que conduzco mi desempe\u00f1o p\u00fablico y privado. Es necesario decirlo: No ha habido ni habr\u00e1 actitudes ni sentimientos de superioridad o de soberbia en mi persona\u201d.<\/em><\/p>\n<\/blockquote>\n\n\n\n<h2 class=\"wp-block-heading\">Todos cometemos errores<\/h2>\n\n\n\n<p>Sheinbaum se\u00f1al\u00f3 que los funcionarios p\u00fablicos, como cualquier persona, pueden cometer errores, pero enfatiz\u00f3 que lo importante es reconocerlos, ofrecer disculpas y aclarar los hechos de manera transparente.&nbsp;<\/p>\n\n\n\n<blockquote class=\"wp-block-quote is-layout-flow wp-block-quote-is-layout-flow\">\n<p><em>\u201cMalo ser\u00eda que no hubiera dicho nada. Uno puede cometer errores\u201a ofrecer disculpas, decir: pues no fue mi intenci\u00f3n, ocurri\u00f3 esto en este momento, ofrezco disculpas y explico lo que pas\u00f3\u201d,&nbsp;<\/em>a\u00f1adi\u00f3 desde Morelia, Michoac\u00e1n.<\/p>\n<\/blockquote>\n\n\n\n<p>Finalmente, la presidenta hizo un llamado general a quienes ocupan cargos p\u00fablicos a conducirse con humildad y responsabilidad, recordando que su actuar est\u00e1 siempre bajo el escrutinio ciudadano.<\/p>\n","protected":false},"excerpt":{"rendered":"<p>La presidenta Claudia Sheinbaum sali\u00f3 en defensa de Hugo Aguilar, ministro presidente de la Suprema Corte de Justicia de la Naci\u00f3n, tras difundirse un video en el que se observa a dos asistentes&nbsp;limpi\u00e1ndole los zapatos. Este pol\u00e9mico incidente, que gener\u00f3 cr\u00edticas en redes sociales y en la opini\u00f3n p\u00fablica, tuvo lugar previo al aniversario de la Constituci\u00f3n Mexicana. El ministro de la SCJN ya se disculp\u00f3, aclara Sheinbaum Durante su conferencia matutina de este 6 de febrero, la mandataria record\u00f3 que el propio ministro de la SCJN ya ofreci\u00f3 una disculpa p\u00fablica y explic\u00f3 las circunstancias en las que ocurri\u00f3&#8230;<\/p>\n","protected":false},"author":13,"featured_media":22038,"comment_status":"closed","ping_status":"closed","sticky":false,"template":"","format":"standard","meta":{"footnotes":""},"categories":[37],"tags":[4364,2959,2607],"class_list":["post-22037","post","type-post","status-publish","format-standard","has-post-thumbnail","hentry","category-politica","tag-acto-protocolario","tag-criticas","tag-funcionario"],"acf":[],"_links":{"self":[{"href":"https:\/\/boletinsonora.com.mx\/index.php?rest_route=\/wp\/v2\/posts\/22037","targetHints":{"allow":["GET"]}}],"collection":[{"href":"https:\/\/boletinsonora.com.mx\/index.php?rest_route=\/wp\/v2\/posts"}],"about":[{"href":"https:\/\/boletinsonora.com.mx\/index.php?rest_route=\/wp\/v2\/types\/post"}],"author":[{"embeddable":true,"href":"https:\/\/boletinsonora.com.mx\/index.php?rest_route=\/wp\/v2\/users\/13"}],"replies":[{"embeddable":true,"href":"https:\/\/boletinsonora.com.mx\/index.php?rest_route=%2Fwp%2Fv2%2Fcomments&post=22037"}],"version-history":[{"count":1,"href":"https:\/\/boletinsonora.com.mx\/index.php?rest_route=\/wp\/v2\/posts\/22037\/revisions"}],"predecessor-version":[{"id":22039,"href":"https:\/\/boletinsonora.com.mx\/index.php?rest_route=\/wp\/v2\/posts\/22037\/revisions\/22039"}],"wp:featuredmedia":[{"embeddable":true,"href":"https:\/\/boletinsonora.com.mx\/index.php?rest_route=\/wp\/v2\/media\/22038"}],"wp:attachment":[{"href":"https:\/\/boletinsonora.com.mx\/index.php?rest_route=%2Fwp%2Fv2%2Fmedia&parent=22037"}],"wp:term":[{"taxonomy":"category","embeddable":true,"href":"https:\/\/boletinsonora.com.mx\/index.php?rest_route=%2Fwp%2Fv2%2Fcategories&post=22037"},{"taxonomy":"post_tag","embeddable":true,"href":"https:\/\/boletinsonora.com.mx\/index.php?rest_route=%2Fwp%2Fv2%2Ftags&post=22037"}],"curies":[{"name":"wp","href":"https:\/\/api.w.org\/{rel}","templated":true}]}}