{"id":22043,"date":"2026-02-07T00:02:10","date_gmt":"2026-02-07T00:02:10","guid":{"rendered":"https:\/\/boletinsonora.com.mx\/?p=22043"},"modified":"2026-02-21T00:06:23","modified_gmt":"2026-02-21T00:06:23","slug":"tras-releccion-de-adan-augusto-en-el-senado-alito-reacciona-con-epitetos","status":"publish","type":"post","link":"https:\/\/boletinsonora.com.mx\/?p=22043","title":{"rendered":"Tras relecci\u00f3n de Ad\u00e1n Augusto en el Senado, &#8220;Alito&#8221; reacciona con ep\u00edtetos"},"content":{"rendered":"\n<p>El senador&nbsp;<strong>Ad\u00e1n Augusto L\u00f3pez Hern\u00e1ndez<\/strong>&nbsp;fue trasladado a una nueva oficina en el&nbsp;<strong>Senado de la Rep\u00fablica<\/strong>&nbsp;luego de anunciar su renuncia como coordinador del grupo parlamentario de&nbsp;<strong>Morena<\/strong>, cargo que ejerci\u00f3 desde el inicio de la presente Legislatura.<\/p>\n\n\n\n<p>El cambio en la asignaci\u00f3n de espacios implica que el legislador ahora se ubica en un \u00e1rea donde est\u00e1n las oficinas del&nbsp;<strong>Partido Revolucionario Institucional (PRI)<\/strong>&nbsp;en la C\u00e1mara Alta, junto a senadores como&nbsp;<strong>Pablo Angulo Brice\u00f1o<\/strong>&nbsp;y&nbsp;<strong>\u00c1ngel Garc\u00eda Y\u00e1\u00f1ez<\/strong>, lo que no pas\u00f3 desapercibido entre sus colegas.<\/p>\n\n\n\n<p>\u2003La reubicaci\u00f3n se da en un contexto en el que Morena se prepara de cara a las&nbsp;<strong>elecciones intermedias de 2027<\/strong>, mientras que L\u00f3pez Hern\u00e1ndez ha se\u00f1alado que su salida de la coordinaci\u00f3n responde a un replanteamiento estrat\u00e9gico de su agenda pol\u00edtica y de organizaci\u00f3n dentro del partido.<\/p>\n\n\n\n<h2 class=\"wp-block-heading\">Cr\u00edticas de dirigente priista por la cercan\u00eda f\u00edsica<\/h2>\n\n\n\n<p>El dirigente nacional del PRI,&nbsp;<strong>Alejandro \u201cAlito\u201d Moreno C\u00e1rdenas<\/strong>, reaccion\u00f3 en redes sociales al saber que Ad\u00e1n Augusto L\u00f3pez tendr\u00eda su oficina junto a la bancada priista, expresando su molestia por la cercan\u00eda f\u00edsica.<\/p>\n\n\n\n<p>\u2003En su mensaje calific\u00f3 de \u201capestado de vecino\u201d al senador morenista y atribuy\u00f3 a Morena \u201cbroncas\u201d internas que, a su juicio, llevaron a esa situaci\u00f3n, adem\u00e1s de insistir en que su partido&nbsp;<strong>no tiene espacio para lo que consider\u00f3 aliados del crimen organizado<\/strong>.<\/p>\n\n\n\n<p>\u2003Moreno afirm\u00f3 que el problema de Ad\u00e1n Augusto es \u201cde Morena\u201d y reiter\u00f3 que entre los priistas \u201cno hay espacio para ning\u00fan aliado del crimen organizado ni se barre la basura debajo del tapete\u201d.&nbsp;<\/p>\n\n\n\n<h2 class=\"wp-block-heading\">Ajustes internos y nuevas funciones pol\u00edticas<\/h2>\n\n\n\n<p>Con su salida de la coordinaci\u00f3n parlamentaria,&nbsp;<strong>Ignacio Mier Velasco<\/strong>&nbsp;fue designado como nuevo coordinador de Morena en el Senado, lo que implic\u00f3 redistribuciones en los espacios asignados dentro del recinto legislativo.<\/p>\n\n\n\n<p>\u2003Fuentes legislativas han se\u00f1alado que la oficina asignada temporalmente a Ad\u00e1n Augusto L\u00f3pez corresponde al espacio que antes ocupaba otra senadora que pas\u00f3 del PRI a Morena y que su asignaci\u00f3n obedecer\u00eda a&nbsp;<strong>ajustes administrativos internos<\/strong>&nbsp;mientras se define su ubicaci\u00f3n definitiva.<\/p>\n\n\n\n<p>\u2003Por su parte, L\u00f3pez Hern\u00e1ndez ha mencionado que su objetivo ahora ser\u00e1&nbsp;<strong>trabajo territorial y organizaci\u00f3n pol\u00edtica<\/strong>, con miras al fortalecimiento de la presencia de Morena hacia los comicios de 2027.<\/p>\n\n\n\n<h2 class=\"wp-block-heading\">Debate pol\u00edtico y percepci\u00f3n p\u00fablica<\/h2>\n\n\n\n<p>El cambio de oficinas ha generado discusi\u00f3n p\u00fablica y reacciones en redes sociales, donde algunos actores pol\u00edticos y ciudadanos han debatido sobre el simbolismo de su ubicaci\u00f3n junto a legisladores de otros partidos, mientras otros se\u00f1alan que se trata de una cuesti\u00f3n log\u00edstica del Senado.<\/p>\n","protected":false},"excerpt":{"rendered":"<p>El senador&nbsp;Ad\u00e1n Augusto L\u00f3pez Hern\u00e1ndez&nbsp;fue trasladado a una nueva oficina en el&nbsp;Senado de la Rep\u00fablica&nbsp;luego de anunciar su renuncia como coordinador del grupo parlamentario de&nbsp;Morena, cargo que ejerci\u00f3 desde el inicio de la presente Legislatura. El cambio en la asignaci\u00f3n de espacios implica que el legislador ahora se ubica en un \u00e1rea donde est\u00e1n las oficinas del&nbsp;Partido Revolucionario Institucional (PRI)&nbsp;en la C\u00e1mara Alta, junto a senadores como&nbsp;Pablo Angulo Brice\u00f1o&nbsp;y&nbsp;\u00c1ngel Garc\u00eda Y\u00e1\u00f1ez, lo que no pas\u00f3 desapercibido entre sus colegas. \u2003La reubicaci\u00f3n se da en un contexto en el que Morena se prepara de cara a las&nbsp;elecciones intermedias de 2027, mientras&#8230;<\/p>\n","protected":false},"author":13,"featured_media":22044,"comment_status":"closed","ping_status":"closed","sticky":false,"template":"","format":"standard","meta":{"footnotes":""},"categories":[37],"tags":[48,4367,4366,665],"class_list":["post-22043","post","type-post","status-publish","format-standard","has-post-thumbnail","hentry","category-politica","tag-adan-augusto","tag-epitetos","tag-releccion","tag-senado"],"acf":[],"_links":{"self":[{"href":"https:\/\/boletinsonora.com.mx\/index.php?rest_route=\/wp\/v2\/posts\/22043","targetHints":{"allow":["GET"]}}],"collection":[{"href":"https:\/\/boletinsonora.com.mx\/index.php?rest_route=\/wp\/v2\/posts"}],"about":[{"href":"https:\/\/boletinsonora.com.mx\/index.php?rest_route=\/wp\/v2\/types\/post"}],"author":[{"embeddable":true,"href":"https:\/\/boletinsonora.com.mx\/index.php?rest_route=\/wp\/v2\/users\/13"}],"replies":[{"embeddable":true,"href":"https:\/\/boletinsonora.com.mx\/index.php?rest_route=%2Fwp%2Fv2%2Fcomments&post=22043"}],"version-history":[{"count":1,"href":"https:\/\/boletinsonora.com.mx\/index.php?rest_route=\/wp\/v2\/posts\/22043\/revisions"}],"predecessor-version":[{"id":22045,"href":"https:\/\/boletinsonora.com.mx\/index.php?rest_route=\/wp\/v2\/posts\/22043\/revisions\/22045"}],"wp:featuredmedia":[{"embeddable":true,"href":"https:\/\/boletinsonora.com.mx\/index.php?rest_route=\/wp\/v2\/media\/22044"}],"wp:attachment":[{"href":"https:\/\/boletinsonora.com.mx\/index.php?rest_route=%2Fwp%2Fv2%2Fmedia&parent=22043"}],"wp:term":[{"taxonomy":"category","embeddable":true,"href":"https:\/\/boletinsonora.com.mx\/index.php?rest_route=%2Fwp%2Fv2%2Fcategories&post=22043"},{"taxonomy":"post_tag","embeddable":true,"href":"https:\/\/boletinsonora.com.mx\/index.php?rest_route=%2Fwp%2Fv2%2Ftags&post=22043"}],"curies":[{"name":"wp","href":"https:\/\/api.w.org\/{rel}","templated":true}]}}