{"id":22052,"date":"2026-02-08T00:14:31","date_gmt":"2026-02-08T00:14:31","guid":{"rendered":"https:\/\/boletinsonora.com.mx\/?p=22052"},"modified":"2026-02-21T00:16:32","modified_gmt":"2026-02-21T00:16:32","slug":"las-dos-vias-en-el-senado-jornada-de-40-horas-o-un-fin-de-semana-mas-largo","status":"publish","type":"post","link":"https:\/\/boletinsonora.com.mx\/?p=22052","title":{"rendered":"Las dos v\u00edas en el Senado: jornada de 40 horas o un fin de semana m\u00e1s largo"},"content":{"rendered":"\n<p>El senador \u00d3scar Cant\u00f3n Zetina, de Morena, aclar\u00f3 recientemente que la propuesta discutida en comisiones prioriza la reducci\u00f3n del tiempo trabajado&nbsp;<strong>sin modificar necesariamente la garant\u00eda constitucional de un solo d\u00eda de descanso<\/strong>.<\/p>\n\n\n\n<p>Seg\u00fan el legislador, el enfoque est\u00e1 en que los trabajadores&nbsp;<strong>perciban el mismo ingreso laborando menos horas<\/strong>, manteniendo el r\u00e9gimen actual de un d\u00eda de descanso por cada seis de trabajo.<\/p>\n\n\n\n<p>Esta postura gener\u00f3 suspicacias entre sindicatos y expertos. Para muchos, la esencia de la jornada de 40 horas deber\u00eda traducirse&nbsp;<strong>autom\u00e1ticamente en dos d\u00edas de descanso<\/strong>&nbsp;(el esquema &#8220;5&#215;2&#8221;).<\/p>\n\n\n\n<p>Al no incluirse de forma expl\u00edcita,&nbsp;<strong>se teme que las empresas redistribuyan las 40 horas en seis d\u00edas<\/strong>, lo que&nbsp;<strong>anular\u00eda el beneficio del descanso extendido<\/strong>, especialmente para quienes enfrentan largos tiempos de traslado.<\/p>\n\n\n\n<h2 class=\"wp-block-heading\">Implementaci\u00f3n gradual y flexibilidad laboral, piden empresarios<\/h2>\n\n\n\n<p>La iniciativa propone una transici\u00f3n progresiva para evitar choques econ\u00f3micos bruscos:<\/p>\n\n\n\n<ul class=\"wp-block-list\">\n<li>2027: Reducci\u00f3n a 46 horas.<\/li>\n\n\n\n<li>2028-2029: Descenso paulatino de dos horas anuales.<\/li>\n\n\n\n<li>2030: Consolidaci\u00f3n de la jornada de 40 horas.<\/li>\n<\/ul>\n\n\n\n<p>Adem\u00e1s de la gradualidad, se contemplan ajustes t\u00e9cnicos como el&nbsp;<strong>aumento en el l\u00edmite de horas extra&nbsp;<\/strong>y la creaci\u00f3n de un&nbsp;<strong>registro electr\u00f3nico obligatorio para fiscalizar el cumplimiento de la ley<\/strong>.<\/p>\n\n\n\n<p>La bancada de Morena defiende esta flexibilidad argumentando que sectores como el energ\u00e9tico o el de servicios requieren esquemas adaptables que no podr\u00edan sostenerse bajo un modelo r\u00edgido de dos d\u00edas de descanso consecutivos.<\/p>\n\n\n\n<h2 class=\"wp-block-heading\">Cr\u00edticas y pr\u00f3ximos pasos<\/h2>\n\n\n\n<p>Movimiento Ciudadano y diversos colectivos laborales han calificado el dictamen actual como un potencial retroceso. Advierten que, si no se garantiza el segundo d\u00eda de descanso<strong>, se pierde una oportunidad hist\u00f3rica de equilibrar la vida personal y laboral<\/strong>.<\/p>\n\n\n\n<p>El proceso legislativo formal iniciar\u00e1 el pr\u00f3ximo martes en las comisiones del Senado, bajo la coordinaci\u00f3n de Ignacio Mier.<\/p>\n","protected":false},"excerpt":{"rendered":"<p>El senador \u00d3scar Cant\u00f3n Zetina, de Morena, aclar\u00f3 recientemente que la propuesta discutida en comisiones prioriza la reducci\u00f3n del tiempo trabajado&nbsp;sin modificar necesariamente la garant\u00eda constitucional de un solo d\u00eda de descanso. Seg\u00fan el legislador, el enfoque est\u00e1 en que los trabajadores&nbsp;perciban el mismo ingreso laborando menos horas, manteniendo el r\u00e9gimen actual de un d\u00eda de descanso por cada seis de trabajo. Esta postura gener\u00f3 suspicacias entre sindicatos y expertos. Para muchos, la esencia de la jornada de 40 horas deber\u00eda traducirse&nbsp;autom\u00e1ticamente en dos d\u00edas de descanso&nbsp;(el esquema &#8220;5&#215;2&#8221;). Al no incluirse de forma expl\u00edcita,&nbsp;se teme que las empresas redistribuyan&#8230;<\/p>\n","protected":false},"author":13,"featured_media":22053,"comment_status":"closed","ping_status":"closed","sticky":false,"template":"","format":"standard","meta":{"footnotes":""},"categories":[37],"tags":[4375,4374,4373,665],"class_list":["post-22052","post","type-post","status-publish","format-standard","has-post-thumbnail","hentry","category-politica","tag-discucion","tag-fin-de-semana-largo","tag-jornada-de-40-hrs","tag-senado"],"acf":[],"_links":{"self":[{"href":"https:\/\/boletinsonora.com.mx\/index.php?rest_route=\/wp\/v2\/posts\/22052","targetHints":{"allow":["GET"]}}],"collection":[{"href":"https:\/\/boletinsonora.com.mx\/index.php?rest_route=\/wp\/v2\/posts"}],"about":[{"href":"https:\/\/boletinsonora.com.mx\/index.php?rest_route=\/wp\/v2\/types\/post"}],"author":[{"embeddable":true,"href":"https:\/\/boletinsonora.com.mx\/index.php?rest_route=\/wp\/v2\/users\/13"}],"replies":[{"embeddable":true,"href":"https:\/\/boletinsonora.com.mx\/index.php?rest_route=%2Fwp%2Fv2%2Fcomments&post=22052"}],"version-history":[{"count":1,"href":"https:\/\/boletinsonora.com.mx\/index.php?rest_route=\/wp\/v2\/posts\/22052\/revisions"}],"predecessor-version":[{"id":22054,"href":"https:\/\/boletinsonora.com.mx\/index.php?rest_route=\/wp\/v2\/posts\/22052\/revisions\/22054"}],"wp:featuredmedia":[{"embeddable":true,"href":"https:\/\/boletinsonora.com.mx\/index.php?rest_route=\/wp\/v2\/media\/22053"}],"wp:attachment":[{"href":"https:\/\/boletinsonora.com.mx\/index.php?rest_route=%2Fwp%2Fv2%2Fmedia&parent=22052"}],"wp:term":[{"taxonomy":"category","embeddable":true,"href":"https:\/\/boletinsonora.com.mx\/index.php?rest_route=%2Fwp%2Fv2%2Fcategories&post=22052"},{"taxonomy":"post_tag","embeddable":true,"href":"https:\/\/boletinsonora.com.mx\/index.php?rest_route=%2Fwp%2Fv2%2Ftags&post=22052"}],"curies":[{"name":"wp","href":"https:\/\/api.w.org\/{rel}","templated":true}]}}