{"id":22097,"date":"2026-02-20T00:38:03","date_gmt":"2026-02-20T00:38:03","guid":{"rendered":"https:\/\/boletinsonora.com.mx\/?p=22097"},"modified":"2026-02-23T00:39:02","modified_gmt":"2026-02-23T00:39:02","slug":"bill-gates-cancela-participacion-en-cumbre-india-tras-nuevas-filtraciones-de-epstein","status":"publish","type":"post","link":"https:\/\/boletinsonora.com.mx\/?p=22097","title":{"rendered":"Bill Gates cancela participaci\u00f3n en cumbre india tras nuevas filtraciones de Epstein"},"content":{"rendered":"\n<p>El&nbsp;<strong>fil\u00e1ntropo y cofundador de Microsoft, Bill Gates<\/strong>, decidi\u00f3 cancelar su intervenci\u00f3n este&nbsp;<strong>19 de febrero de 2026<\/strong>&nbsp;en la&nbsp;<strong>Cumbre de Impacto de Inteligencia Artificial 2026<\/strong>&nbsp;que se celebra en&nbsp;<strong>Nueva Delhi<\/strong>, apenas unas horas antes de que comenzara su discurso programado, luego de que se dieran a conocer detalles de correos electr\u00f3nicos que lo vinculan tangencialmente con el fallecido financiero&nbsp;<strong>Jeffrey Epstein<\/strong>.<\/p>\n\n\n\n<h2 class=\"wp-block-heading\">Cancelaci\u00f3n de \u00faltima hora<\/h2>\n\n\n\n<p>La&nbsp;<strong>The Gates Foundation<\/strong>&nbsp;confirm\u00f3 en un comunicado que Gates no subir\u00e1 al podio del&nbsp;<strong>Bharat Mandapam<\/strong>&nbsp;para su intervenci\u00f3n principal, que estaba prevista ante l\u00edderes globales y altos directivos del sector tecnol\u00f3gico. La organizaci\u00f3n explic\u00f3 que tom\u00f3 la decisi\u00f3n \u201ctras una cuidadosa consideraci\u00f3n\u201d para que el enfoque del evento se mantuviera en sus \u201cprioridades clave\u201d, aunque evit\u00f3 mencionar directamente las razones externas que presionaron el cambio.<\/p>\n\n\n\n<p>En lugar de Gates, la fundaci\u00f3n design\u00f3 a&nbsp;<strong>Ankur Vora<\/strong>, presidente de sus oficinas en&nbsp;<strong>\u00c1frica e India<\/strong>, para representar a la organizaci\u00f3n y hablar ante los asistentes m\u00e1s tarde en la jornada.<\/p>\n\n\n\n<h2 class=\"wp-block-heading\">Correos revelados y pol\u00e9mica<\/h2>\n\n\n\n<p>La decisi\u00f3n se produce pocos d\u00edas despu\u00e9s de que se publicaran nuevos detalles en correos electr\u00f3nicos archivados que incluyen comunicaciones entre el fallecido Jeffrey Epstein y personal vinculado a la fundaci\u00f3n. En esos documentos, se sugiere que&nbsp;<strong>Gates busc\u00f3 la mediaci\u00f3n de Epstein para organizar encuentros y gestionar medicamentos relacionados con infecciones de transmisi\u00f3n sexual<\/strong>, lo que gener\u00f3 un revuelo medi\u00e1tico y pol\u00edtico alrededor de su figura.<\/p>\n\n\n\n<p>La fundaci\u00f3n hab\u00eda mantenido hasta hace poco que Gates participar\u00eda como estaba originalmente programado, negando versiones de retiro, pero el cambio de postura se concret\u00f3 apenas unas horas antes de la agenda oficial.<\/p>\n\n\n\n<h2 class=\"wp-block-heading\">Reacciones desde India<\/h2>\n\n\n\n<p>El ministro de Tecnolog\u00eda de la India,&nbsp;<strong>Ashwini Vaishnaw<\/strong>, evit\u00f3 respaldar directamente la presencia de Gates, calificando su asistencia como una \u201celecci\u00f3n personal\u201d y declinando comentar sobre las controversias que rodean al fil\u00e1ntropo.<\/p>\n\n\n\n<p>Pese a su ausencia, la cumbre contin\u00faa con la participaci\u00f3n de otros l\u00edderes del sector, mientras el debate sobre la presencia de figuras vinculadas a esc\u00e1ndalos de alto perfil se mantiene en la agenda p\u00fablica.<\/p>\n\n\n\n<h2 class=\"wp-block-heading\">Rol de la cumbre de IA<\/h2>\n\n\n\n<p>La&nbsp;<strong>Cumbre de Impacto de Inteligencia Artificial 2026<\/strong>&nbsp;es un evento internacional que re\u00fane a gobiernos, empresas tecnol\u00f3gicas y organizaciones civiles para discutir marcos de cooperaci\u00f3n, \u00e9tica y desarrollo en torno a la inteligencia artificial, con el objetivo de definir prioridades y pol\u00edticas globales en la materia.<\/p>\n","protected":false},"excerpt":{"rendered":"<p>El&nbsp;fil\u00e1ntropo y cofundador de Microsoft, Bill Gates, decidi\u00f3 cancelar su intervenci\u00f3n este&nbsp;19 de febrero de 2026&nbsp;en la&nbsp;Cumbre de Impacto de Inteligencia Artificial 2026&nbsp;que se celebra en&nbsp;Nueva Delhi, apenas unas horas antes de que comenzara su discurso programado, luego de que se dieran a conocer detalles de correos electr\u00f3nicos que lo vinculan tangencialmente con el fallecido financiero&nbsp;Jeffrey Epstein. Cancelaci\u00f3n de \u00faltima hora La&nbsp;The Gates Foundation&nbsp;confirm\u00f3 en un comunicado que Gates no subir\u00e1 al podio del&nbsp;Bharat Mandapam&nbsp;para su intervenci\u00f3n principal, que estaba prevista ante l\u00edderes globales y altos directivos del sector tecnol\u00f3gico. La organizaci\u00f3n explic\u00f3 que tom\u00f3 la decisi\u00f3n \u201ctras una cuidadosa&#8230;<\/p>\n","protected":false},"author":13,"featured_media":22098,"comment_status":"closed","ping_status":"closed","sticky":false,"template":"","format":"standard","meta":{"footnotes":""},"categories":[36],"tags":[2393,4054,4383],"class_list":["post-22097","post","type-post","status-publish","format-standard","has-post-thumbnail","hentry","category-internacional","tag-bill-gates","tag-caso-epstein","tag-filtraciones"],"acf":[],"_links":{"self":[{"href":"https:\/\/boletinsonora.com.mx\/index.php?rest_route=\/wp\/v2\/posts\/22097","targetHints":{"allow":["GET"]}}],"collection":[{"href":"https:\/\/boletinsonora.com.mx\/index.php?rest_route=\/wp\/v2\/posts"}],"about":[{"href":"https:\/\/boletinsonora.com.mx\/index.php?rest_route=\/wp\/v2\/types\/post"}],"author":[{"embeddable":true,"href":"https:\/\/boletinsonora.com.mx\/index.php?rest_route=\/wp\/v2\/users\/13"}],"replies":[{"embeddable":true,"href":"https:\/\/boletinsonora.com.mx\/index.php?rest_route=%2Fwp%2Fv2%2Fcomments&post=22097"}],"version-history":[{"count":1,"href":"https:\/\/boletinsonora.com.mx\/index.php?rest_route=\/wp\/v2\/posts\/22097\/revisions"}],"predecessor-version":[{"id":22099,"href":"https:\/\/boletinsonora.com.mx\/index.php?rest_route=\/wp\/v2\/posts\/22097\/revisions\/22099"}],"wp:featuredmedia":[{"embeddable":true,"href":"https:\/\/boletinsonora.com.mx\/index.php?rest_route=\/wp\/v2\/media\/22098"}],"wp:attachment":[{"href":"https:\/\/boletinsonora.com.mx\/index.php?rest_route=%2Fwp%2Fv2%2Fmedia&parent=22097"}],"wp:term":[{"taxonomy":"category","embeddable":true,"href":"https:\/\/boletinsonora.com.mx\/index.php?rest_route=%2Fwp%2Fv2%2Fcategories&post=22097"},{"taxonomy":"post_tag","embeddable":true,"href":"https:\/\/boletinsonora.com.mx\/index.php?rest_route=%2Fwp%2Fv2%2Ftags&post=22097"}],"curies":[{"name":"wp","href":"https:\/\/api.w.org\/{rel}","templated":true}]}}