{"id":22100,"date":"2026-02-20T00:41:51","date_gmt":"2026-02-20T00:41:51","guid":{"rendered":"https:\/\/boletinsonora.com.mx\/?p=22100"},"modified":"2026-02-23T00:43:14","modified_gmt":"2026-02-23T00:43:14","slug":"aranceles-del-10-tensan-vinculo-mexico-eu","status":"publish","type":"post","link":"https:\/\/boletinsonora.com.mx\/?p=22100","title":{"rendered":"Aranceles del 10% tensan v\u00ednculo M\u00e9xico-EU"},"content":{"rendered":"\n<p>El gobierno de&nbsp;<strong>M\u00e9xico<\/strong>&nbsp;inform\u00f3 que&nbsp;<strong>analizar\u00e1 los nuevos aranceles del 10 %<\/strong>&nbsp;anunciados por el presidente de&nbsp;<strong>Estados Unidos, Donald Trump<\/strong>, y confirm\u00f3 que el canciller&nbsp;<strong>Marcelo Ebrard<\/strong>&nbsp;viajar\u00e1 a Washington la pr\u00f3xima semana para sostener reuniones con autoridades estadounidenses y discutir posibles respuestas, impactos y soluciones ante la medida que afectar\u00eda bienes mexicanos exportados al mercado norteamericano.<\/p>\n\n\n\n<p>La administraci\u00f3n de Trump dio a conocer la intenci\u00f3n de aplicar&nbsp;<strong>aranceles adicionales del 10 %<\/strong>&nbsp;a ciertos productos mexicanos, una pol\u00edtica que podr\u00eda encarecer el comercio bilateral y generar tensiones comerciales entre ambos pa\u00edses. Las autoridades mexicanas calificaron la medida como un elemento que requiere&nbsp;<strong>di\u00e1logo diplom\u00e1tico y ajuste de estrategias econ\u00f3micas<\/strong>, por lo que optaron por evaluar detenidamente su alcance antes de definir contramedidas formales.<\/p>\n\n\n\n<h2 class=\"wp-block-heading\">Viaje de Ebrard a Estados Unidos<\/h2>\n\n\n\n<p>El secretario de Relaciones Exteriores,&nbsp;<strong>Marcelo Ebrard<\/strong>, confirm\u00f3 que&nbsp;<strong>viajar\u00e1 a Estados Unidos la pr\u00f3xima semana<\/strong>&nbsp;para reunirse con representantes del gobierno estadounidense y otros funcionarios relevantes. El objetivo ser\u00e1&nbsp;<strong>analizar el alcance de los aranceles<\/strong>, intercambiar perspectivas y buscar mecanismos que mitiguen efectos negativos para exportadores mexicanos.<\/p>\n\n\n\n<p>Ebrard ha se\u00f1alado que la relaci\u00f3n comercial entre M\u00e9xico y Estados Unidos es profunda e interdependiente, por lo que la comunicaci\u00f3n y el entendimiento ser\u00e1n fundamentales para evitar impactos adversos en la econom\u00eda mexicana.<\/p>\n\n\n\n<h2 class=\"wp-block-heading\">Evaluaci\u00f3n de estudio econ\u00f3mico<\/h2>\n\n\n\n<p>Funcionarios de la Secretar\u00eda de Econom\u00eda y otros organismos vinculados al comercio exterior adelantaron que realizar\u00e1n&nbsp;<strong>estudios t\u00e9cnicos y an\u00e1lisis econ\u00f3micos<\/strong>&nbsp;para estimar c\u00f3mo los aranceles afectar\u00edan sectores productivos claves, cadenas de suministro y precios de bienes importados y exportados.<\/p>\n\n\n\n<p>La posibilidad de aranceles adicionales genera inquietud entre c\u00e1maras empresariales y productores que dependen del mercado estadounidense, ya que podr\u00eda elevar costos y reducir competitividad si las medidas se implementan sin acuerdos previos.<\/p>\n\n\n\n<h2 class=\"wp-block-heading\">Di\u00e1logo y negociaci\u00f3n<\/h2>\n\n\n\n<p>La postura oficial mexicana enfatiza la importancia de&nbsp;<strong>la diplomacia econ\u00f3mica y el di\u00e1logo<\/strong>, destacando que el intercambio con Estados Unidos no solo abarca aranceles, sino tambi\u00e9n cooperaci\u00f3n en temas de migraci\u00f3n, inversi\u00f3n y desarrollo regional.<\/p>\n\n\n\n<h2 class=\"wp-block-heading\">Relaci\u00f3n comercial M\u00e9xico-EE. UU.<\/h2>\n\n\n\n<p>Estados Unidos es el principal socio comercial de M\u00e9xico, con un intercambio de&nbsp;<strong>miles de millones de d\u00f3lares al a\u00f1o<\/strong>&nbsp;en bienes y servicios. Cualquier modificaci\u00f3n en aranceles o barreras comerciales puede tener efectos significativos en las exportaciones mexicanas, especialmente en sectores como automotriz, agroalimentario y manufacturero.<\/p>\n\n\n\n<p><\/p>\n","protected":false},"excerpt":{"rendered":"<p>El gobierno de&nbsp;M\u00e9xico&nbsp;inform\u00f3 que&nbsp;analizar\u00e1 los nuevos aranceles del 10 %&nbsp;anunciados por el presidente de&nbsp;Estados Unidos, Donald Trump, y confirm\u00f3 que el canciller&nbsp;Marcelo Ebrard&nbsp;viajar\u00e1 a Washington la pr\u00f3xima semana para sostener reuniones con autoridades estadounidenses y discutir posibles respuestas, impactos y soluciones ante la medida que afectar\u00eda bienes mexicanos exportados al mercado norteamericano. La administraci\u00f3n de Trump dio a conocer la intenci\u00f3n de aplicar&nbsp;aranceles adicionales del 10 %&nbsp;a ciertos productos mexicanos, una pol\u00edtica que podr\u00eda encarecer el comercio bilateral y generar tensiones comerciales entre ambos pa\u00edses. Las autoridades mexicanas calificaron la medida como un elemento que requiere&nbsp;di\u00e1logo diplom\u00e1tico y ajuste de&#8230;<\/p>\n","protected":false},"author":13,"featured_media":22101,"comment_status":"closed","ping_status":"closed","sticky":false,"template":"","format":"standard","meta":{"footnotes":""},"categories":[38],"tags":[1264],"class_list":["post-22100","post","type-post","status-publish","format-standard","has-post-thumbnail","hentry","category-economia","tag-aranceles"],"acf":[],"_links":{"self":[{"href":"https:\/\/boletinsonora.com.mx\/index.php?rest_route=\/wp\/v2\/posts\/22100","targetHints":{"allow":["GET"]}}],"collection":[{"href":"https:\/\/boletinsonora.com.mx\/index.php?rest_route=\/wp\/v2\/posts"}],"about":[{"href":"https:\/\/boletinsonora.com.mx\/index.php?rest_route=\/wp\/v2\/types\/post"}],"author":[{"embeddable":true,"href":"https:\/\/boletinsonora.com.mx\/index.php?rest_route=\/wp\/v2\/users\/13"}],"replies":[{"embeddable":true,"href":"https:\/\/boletinsonora.com.mx\/index.php?rest_route=%2Fwp%2Fv2%2Fcomments&post=22100"}],"version-history":[{"count":1,"href":"https:\/\/boletinsonora.com.mx\/index.php?rest_route=\/wp\/v2\/posts\/22100\/revisions"}],"predecessor-version":[{"id":22102,"href":"https:\/\/boletinsonora.com.mx\/index.php?rest_route=\/wp\/v2\/posts\/22100\/revisions\/22102"}],"wp:featuredmedia":[{"embeddable":true,"href":"https:\/\/boletinsonora.com.mx\/index.php?rest_route=\/wp\/v2\/media\/22101"}],"wp:attachment":[{"href":"https:\/\/boletinsonora.com.mx\/index.php?rest_route=%2Fwp%2Fv2%2Fmedia&parent=22100"}],"wp:term":[{"taxonomy":"category","embeddable":true,"href":"https:\/\/boletinsonora.com.mx\/index.php?rest_route=%2Fwp%2Fv2%2Fcategories&post=22100"},{"taxonomy":"post_tag","embeddable":true,"href":"https:\/\/boletinsonora.com.mx\/index.php?rest_route=%2Fwp%2Fv2%2Ftags&post=22100"}],"curies":[{"name":"wp","href":"https:\/\/api.w.org\/{rel}","templated":true}]}}