{"id":22124,"date":"2026-02-07T01:34:14","date_gmt":"2026-02-07T01:34:14","guid":{"rendered":"https:\/\/boletinsonora.com.mx\/?p=22124"},"modified":"2026-02-23T01:35:22","modified_gmt":"2026-02-23T01:35:22","slug":"archivos-epstein-nuevas-dudas-sobre-su-muerte","status":"publish","type":"post","link":"https:\/\/boletinsonora.com.mx\/?p=22124","title":{"rendered":"Archivos Epstein: nuevas dudas sobre su muerte"},"content":{"rendered":"\n<p>Nuevos documentos del FBI, recientemente hechos p\u00fablicos por el Departamento de Justicia de Estados Unidos, vuelven a poner bajo escrutinio las circunstancias que rodearon la muerte de&nbsp;<a href=\"https:\/\/sipse.com\/mundo\/llaman-a-los-clinton-declarar-por-su-relacion-con-jeffrey-epstein-503583.html\" target=\"_blank\" rel=\"noreferrer noopener\"><strong>Jeffrey Epstein<\/strong><\/a>&nbsp;en agosto de 2019.&nbsp;<\/p>\n\n\n\n<h2 class=\"wp-block-heading\">Caso Epstein: \u00bfqu\u00e9 dicen los documentos del FBI?<\/h2>\n\n\n\n<p>Los registros revelan que los investigadores federales consideraron inicialmente que una enigm\u00e1tica \u201cmancha\u201d o \u201cdestello\u201d de color naranja, captada por c\u00e1maras de vigilancia cerca de la celda del financiero, podr\u00eda haber sido un recluso.<\/p>\n\n\n\n<p>La observaci\u00f3n surge del\u00a0<strong>an\u00e1lisis de un video grabado<\/strong>\u00a0dentro del Centro Correccional Metropolitano de Nueva York, en las horas previas a que Epstein \u2014condenado por delitos sexuales\u2014 fuera encontrado ahorcado en su celda durante la madrugada del 10 de agosto de 2019. Seg\u00fan los documentos, a las 10:39 de la noche anterior a su muerte, las im\u00e1genes muestran \u201cun destello naranja\u201d ascendiendo por una escalera cercana a su ubicaci\u00f3n.<a href=\"https:\/\/images.sipse.com\/tUyuvit5HUdu0ksqbc_m-nRh8JI=\/fit-in\/900x500\/2026\/02\/07\/1770471110201.png\"><\/a><\/p>\n\n\n\n<blockquote class=\"wp-block-quote is-layout-flow wp-block-quote-is-layout-flow\">\n<p><em>\u201cUn destello naranja parece estar subiendo las escaleras del nivel L; posiblemente podr\u00eda ser un recluso escoltado hasta ese nivel\u201d,&nbsp;<\/em>se\u00f1ala textualmente uno de los registros de observaci\u00f3n del FBI incluidos en el m\u00e1s reciente paquete de archivos desclasificados.<\/p>\n<\/blockquote>\n\n\n\n<h2 class=\"wp-block-heading\">Ropa de cama, es posible&nbsp;<\/h2>\n\n\n\n<p>Sin embargo, una revisi\u00f3n independiente realizada por la Oficina del Inspector General tambi\u00e9n\u00a0<strong>identific\u00f3 el objeto naranja en el video<\/strong>, aunque ofreci\u00f3 una interpretaci\u00f3n distinta. Los investigadores apuntaron que, a esa hora, los reclusos se encontraban encerrados en sus celdas, por lo que consideraron \u201cposible que alguien estuviera llevando ropa de cama o s\u00e1banas de los reclusos por las escaleras\u201d.<a href=\"https:\/\/images.sipse.com\/8_4Ur4V_vONBViTQ1wDA54Za6E8=\/fit-in\/900x500\/2026\/02\/07\/1770471326563.png\"><\/a><\/p>\n\n\n\n<p>Llama la atenci\u00f3n que el an\u00e1lisis preliminar del FBI no fuera incorporado al informe final del Inspector General, publicado en 2023. En ese&nbsp;<strong><a href=\"https:\/\/sipse.com\/entretenimiento\/archivos-de-epstein-y-la-reaccion-de-melinda-french-gates-sobre-bill-gates-503649.html\" target=\"_blank\" rel=\"noreferrer noopener\">documento oficial<\/a><\/strong>, la revisi\u00f3n concluy\u00f3 que la figura naranja captada por las c\u00e1maras correspond\u00eda a un \u201cCO\u201d, es decir, un agente penitenciario no identificado.<\/p>\n\n\n\n<p>La revelaci\u00f3n de estos registros a\u00f1ade un nuevo elemento a una de las muertes m\u00e1s pol\u00e9micas del sistema penitenciario estadounidense y vuelve a alimentar las dudas sobre las fallas, omisiones y zonas grises en la vigilancia y los procedimientos la noche previa al fallecimiento de Epstein.<\/p>\n","protected":false},"excerpt":{"rendered":"<p>Nuevos documentos del FBI, recientemente hechos p\u00fablicos por el Departamento de Justicia de Estados Unidos, vuelven a poner bajo escrutinio las circunstancias que rodearon la muerte de&nbsp;Jeffrey Epstein&nbsp;en agosto de 2019.&nbsp; Caso Epstein: \u00bfqu\u00e9 dicen los documentos del FBI? Los registros revelan que los investigadores federales consideraron inicialmente que una enigm\u00e1tica \u201cmancha\u201d o \u201cdestello\u201d de color naranja, captada por c\u00e1maras de vigilancia cerca de la celda del financiero, podr\u00eda haber sido un recluso. La observaci\u00f3n surge del\u00a0an\u00e1lisis de un video grabado\u00a0dentro del Centro Correccional Metropolitano de Nueva York, en las horas previas a que Epstein \u2014condenado por delitos sexuales\u2014 fuera&#8230;<\/p>\n","protected":false},"author":13,"featured_media":22125,"comment_status":"closed","ping_status":"closed","sticky":false,"template":"","format":"standard","meta":{"footnotes":""},"categories":[36],"tags":[4395,4054],"class_list":["post-22124","post","type-post","status-publish","format-standard","has-post-thumbnail","hentry","category-internacional","tag-archivos","tag-caso-epstein"],"acf":[],"_links":{"self":[{"href":"https:\/\/boletinsonora.com.mx\/index.php?rest_route=\/wp\/v2\/posts\/22124","targetHints":{"allow":["GET"]}}],"collection":[{"href":"https:\/\/boletinsonora.com.mx\/index.php?rest_route=\/wp\/v2\/posts"}],"about":[{"href":"https:\/\/boletinsonora.com.mx\/index.php?rest_route=\/wp\/v2\/types\/post"}],"author":[{"embeddable":true,"href":"https:\/\/boletinsonora.com.mx\/index.php?rest_route=\/wp\/v2\/users\/13"}],"replies":[{"embeddable":true,"href":"https:\/\/boletinsonora.com.mx\/index.php?rest_route=%2Fwp%2Fv2%2Fcomments&post=22124"}],"version-history":[{"count":1,"href":"https:\/\/boletinsonora.com.mx\/index.php?rest_route=\/wp\/v2\/posts\/22124\/revisions"}],"predecessor-version":[{"id":22126,"href":"https:\/\/boletinsonora.com.mx\/index.php?rest_route=\/wp\/v2\/posts\/22124\/revisions\/22126"}],"wp:featuredmedia":[{"embeddable":true,"href":"https:\/\/boletinsonora.com.mx\/index.php?rest_route=\/wp\/v2\/media\/22125"}],"wp:attachment":[{"href":"https:\/\/boletinsonora.com.mx\/index.php?rest_route=%2Fwp%2Fv2%2Fmedia&parent=22124"}],"wp:term":[{"taxonomy":"category","embeddable":true,"href":"https:\/\/boletinsonora.com.mx\/index.php?rest_route=%2Fwp%2Fv2%2Fcategories&post=22124"},{"taxonomy":"post_tag","embeddable":true,"href":"https:\/\/boletinsonora.com.mx\/index.php?rest_route=%2Fwp%2Fv2%2Ftags&post=22124"}],"curies":[{"name":"wp","href":"https:\/\/api.w.org\/{rel}","templated":true}]}}