{"id":22163,"date":"2026-02-07T04:03:52","date_gmt":"2026-02-07T04:03:52","guid":{"rendered":"https:\/\/boletinsonora.com.mx\/?p=22163"},"modified":"2026-02-23T04:05:51","modified_gmt":"2026-02-23T04:05:51","slug":"banxico-pausa-recortes-y-eleva-inflacion-esperada","status":"publish","type":"post","link":"https:\/\/boletinsonora.com.mx\/?p=22163","title":{"rendered":"Banxico pausa recortes y eleva inflaci\u00f3n esperada"},"content":{"rendered":"\n<p><strong>La Junta de Gobierno del&nbsp;<\/strong><a href=\"https:\/\/www.elfinanciero.com.mx\/mercados\/2026\/02\/05\/peso-dolar-precio-hoy-5-de-febrero-de-2026\/\"><strong>Banco de M\u00e9xico (Banxico)<\/strong><\/a>paus\u00f3&nbsp;<a href=\"https:\/\/www.elfinanciero.com.mx\/economia\/2026\/02\/05\/tasa-de-interes-de-banxico-como-quedo-hoy-5-de-febrero-de-2026\/\"><strong>el ciclo de recortes a la tasa de inter\u00e9s<\/strong><\/a>y la dej\u00f3 en un nivel de 7.0 por ciento. A la par, modific\u00f3 sus<strong>&nbsp;expectativas de inflaci\u00f3n&nbsp;<\/strong>y recorri\u00f3 al 2027<strong>&nbsp;la convergencia del indicador a la meta de 3.0 por ciento.<\/strong><\/p>\n\n\n\n<p>Analistas econ\u00f3micos estimaron que todav\u00eda no se llega a<a href=\"https:\/\/www.elfinanciero.com.mx\/bloomberg-businessweek\/2026\/01\/29\/banxico-cambia-el-ritmo\/\"><strong>la tasa de inter\u00e9s final<\/strong><\/a>&nbsp;y resaltaron la&nbsp;<strong>postura cautelosa de&nbsp;<\/strong><a href=\"https:\/\/www.elfinanciero.com.mx\/economia\/2026\/01\/31\/banxico-saca-nuevo-billete-de-100-pesos-edicion-limitada-como-es-y-donde-conseguirlo\/\"><strong>Banxico<\/strong><\/a>de evaluar el&nbsp;<a href=\"https:\/\/www.elfinanciero.com.mx\/opinion\/manuel-sanchez-gonzalez\/2026\/01\/14\/la-tarea-pendiente-del-banxico\/\"><strong>panorama inflacionario<\/strong><\/a>&nbsp;antes de ver<strong>&nbsp;nuevos recortes.<\/strong>&nbsp;Ahora la duda es si \u00e9stos podr\u00edan ocurrir en marzo o hasta mayo.<\/p>\n\n\n\n<p>En una decisi\u00f3n un\u00e1nime,&nbsp;<strong>Banxico<\/strong>&nbsp;juzg\u00f3 apropiado pausar el ciclo de disminuciones de la tasa ante la necesidad de&nbsp;<strong>revisar el impacto de los cambios fiscales adoptados a inicios de a\u00f1o<\/strong>, as\u00ed como el&nbsp;<strong>tipo de cambio<\/strong>,<strong>&nbsp;la debilidad de la econom\u00eda<\/strong>&nbsp;y el&nbsp;<a href=\"https:\/\/www.elfinanciero.com.mx\/economia\/2026\/01\/27\/banxico-no-moveria-la-tasa-de-interes-ciclo-de-recortes-tendra-pausa-en-febrero-plantea-junta-de-gobierno\/\"><strong>grado de restricci\u00f3n monetaria<\/strong><\/a>&nbsp;que se ha implementado.<\/p>\n\n\n\n<p>Hacia delante, \u201cvalorar\u00e1 realizar ajustes adicionales a la tasa\u201d y para ello tomar\u00e1 en cuenta&nbsp;<strong>los efectos de todos&nbsp;<\/strong><a href=\"https:\/\/www.elfinanciero.com.mx\/economia\/2026\/01\/08\/banxico-reanudara-recortes-a-la-tasa-hasta-tener-claridad-sobre-la-inflacion-en-mexico\/\"><strong>los determinantes de la inflaci\u00f3n<\/strong><\/a><strong>.&nbsp;<\/strong>Reafirm\u00f3 su compromiso con su mandato prioritario y la necesidad de perseverar en sus esfuerzos por<strong>&nbsp;consolidar un entorno de&nbsp;<\/strong><a href=\"https:\/\/www.elfinanciero.com.mx\/economia\/2026\/01\/08\/aumento-del-ieps-si-pegara-a-la-inflacion-en-mexico-estos-son-los-pronosticos-del-banxico\/\"><strong>inflaci\u00f3n baja y estable<\/strong><\/a><strong>.<\/strong><\/p>\n\n\n\n<p>\u201cLas acciones que se implementen ser\u00e1n tales que&nbsp;<a href=\"https:\/\/www.elfinanciero.com.mx\/economia\/2026\/01\/27\/banxico-va-lento-pero-seguro-adoptara-mayor-gradualidad-en-conduccion-monetaria-de-2026\/\"><strong>la tasa de referencia<\/strong><\/a>sea congruente, en todo momento, con la trayectoria requerida para propiciar la convergencia ordenada y sostenida de&nbsp;<strong>la inflaci\u00f3n general&nbsp;<\/strong>a la meta de 3.0 por ciento en el plazo previsto\u201d, afirm\u00f3 el banco central en su comunicado.<\/p>\n\n\n\n<p>Banxico modific\u00f3 su expectativa para que<a href=\"https:\/\/www.elfinanciero.com.mx\/economia\/2026\/01\/08\/aumento-del-ieps-si-pegara-a-la-inflacion-en-mexico-estos-son-los-pronosticos-del-banxico\/\"><strong>la inflaci\u00f3n general<\/strong><\/a>converja a la meta del tercer trimestre de este a\u00f1o, al segundo trimestre de 2027. Adem\u00e1s, ajust\u00f3 al alza sus previsiones para&nbsp;<a href=\"https:\/\/www.elfinanciero.com.mx\/economia\/2026\/01\/08\/inflacion-en-mexico-se-desacelera-y-se-ubica-en-369-en-diciembre\/\"><strong>el indicador general y subyacente<\/strong><\/a>&nbsp;en todos los trimestres del 2026 y el primero del pr\u00f3ximo a\u00f1o.<\/p>\n\n\n\n<p>Con esto, ahora espera que<strong>&nbsp;la inflaci\u00f3n general&nbsp;<\/strong>cierre este a\u00f1o en 3.5 por ciento y&nbsp;<strong>el componente subyacente<\/strong>&nbsp;en 3.4 por ciento, desde el 3.0 por ciento contemplado previamente. Anot\u00f3 que los ajustes incorporan&nbsp;<strong>los efectos previstos de los ajustes fiscales.<\/strong><\/p>\n\n\n\n<p>\u201cSi bien la evaluaci\u00f3n integral de estos \u00faltimos requerir\u00e1 de informaci\u00f3n adicional conforme esta se encuentre disponible. Dichos pron\u00f3sticos reflejan igualmente<strong>&nbsp;una disminuci\u00f3n m\u00e1s gradual de lo previsto en&nbsp;<\/strong><a href=\"https:\/\/www.elfinanciero.com.mx\/economia\/2026\/01\/09\/inflacion-subira-a-mas-de-4-este-ano-por-mundial-2026-nuevos-impuestos-y-aranceles-analistas\/\"><strong>la inflaci\u00f3n de servicios<\/strong><\/a>\u201d, indic\u00f3.<\/p>\n\n\n\n<p><a href=\"https:\/\/www.elfinanciero.com.mx\/economia\/2026\/01\/28\/valoraremos-continuar-con-los-ajustes-a-las-tasas-banxico\/\"><strong>La autoridad monetaria<\/strong><\/a>remarc\u00f3 que<strong>&nbsp;el balance de riesgos<\/strong>&nbsp;respecto de<strong>&nbsp;la trayectoria prevista para la inflaci\u00f3n&nbsp;<\/strong>en el horizonte de pron\u00f3stico es m\u00e1s equilibrado, pero mantiene un sesgo al alza.<\/p>\n\n\n\n<p>Entre&nbsp;<strong>los riesgos al alza&nbsp;<\/strong>para el indicador est\u00e1n<strong>&nbsp;la persistencia de la inflaci\u00f3n subyacente<\/strong>,&nbsp;<strong>presiones de costos, depreciaci\u00f3n del peso mexicano<\/strong>, disrupciones por&nbsp;<strong>conflictos geopol\u00edticos o pol\u00edticas comerciales y afectaciones clim\u00e1ticas.<\/strong><\/p>\n\n\n\n<h2 class=\"wp-block-heading\">Descartan fin de recortes<\/h2>\n\n\n\n<p>Julio Ru\u00edz, economista jefe de Citi M\u00e9xico, destac\u00f3 que el tono del comunicado de Banxico fue \u201c<em>dovish<\/em>\u201d, dado que la gu\u00eda prospectiva se modific\u00f3 a que se analizar\u00e1n<a href=\"https:\/\/www.elfinanciero.com.mx\/economia\/2026\/01\/06\/banxico-empezara-despacio-en-2026-encuesta-citi-preve-recorte-de-tasa-hasta-mayo\/\"><strong>recortes adicionales<\/strong><\/a>sin marcar un momento, como en<strong>&nbsp;la decisi\u00f3n monetaria<\/strong>&nbsp;pasada, lo que podr\u00eda ocurrir en la reuni\u00f3n de marzo.<\/p>\n\n\n\n<p>\u201cSi bien&nbsp;<strong>se incrementaron los pron\u00f3sticos de inflaci\u00f3n<\/strong>, lo que tiene en mente<a href=\"https:\/\/www.elfinanciero.com.mx\/economia\/2026\/01\/22\/mundial-2026-en-mexico-banxico-lanzara-monedas-conmemorativas-de-10-20-y-25-pesos\/\"><strong>la Junta de Gobierno<\/strong><\/a>&nbsp;es que estos incrementos son transitorios; se ven en enero cuando se dieron el&nbsp;<strong>IEPS y los aranceles<\/strong>, pero deber\u00edan desvanecerse cuando pases a 2027\u201d, dijo el experto a El Financiero Bloomberg.<\/p>\n\n\n\n<p>Carlos Serrano, economista en jefe de BBVA M\u00e9xico, consider\u00f3 que la pausa fue adecuada por el&nbsp;<a href=\"https:\/\/www.elfinanciero.com.mx\/economia\/2026\/02\/05\/tasa-de-interes-de-banxico-como-quedo-hoy-5-de-febrero-de-2026\/\"><strong>ligero repunte en la inflaci\u00f3n<\/strong><\/a>, que si bien ya era esperado por&nbsp;<strong>el aumento del IEPS a bebidas azucaradas, al tabaco y el alcohol<\/strong>, desde<strong>&nbsp;Banxico&nbsp;<\/strong>se aseguran de que estos aumentos no contaminen&nbsp;<a href=\"https:\/\/www.elfinanciero.com.mx\/opinion\/gabriel-casillas\/2026\/01\/27\/inflacion-comienza-a-reflejar-cambios-fiscales-y-programa-monetario\/\"><strong>las expectativas inflacionarias.<\/strong><\/a><\/p>\n\n\n\n<p>\u201cSi no afectan&nbsp;<a href=\"https:\/\/www.elfinanciero.com.mx\/economia\/2026\/01\/22\/inflacion-de-mexico-recibe-2026-con-leve-alza-se-ubica-en-377-en-primera-quincena-de-enero\/\"><strong>las expectativas inflacionarias<\/strong><\/a><strong>,&nbsp;<\/strong>creemos que podr\u00edan retomar las bajadas. As\u00ed lo han se\u00f1alizado<strong>&nbsp;la mayor\u00eda de los miembros de la Junta.<\/strong>&nbsp;Esperamos dos bajadas m\u00e1s este a\u00f1o y que la tasa termine en 6.5 por ciento. Habr\u00eda espacio para hacerlo sin poner en juego&nbsp;<a href=\"https:\/\/www.elfinanciero.com.mx\/economia\/2026\/01\/22\/inflacion-de-mexico-recibe-2026-con-leve-alza-se-ubica-en-377-en-primera-quincena-de-enero\/\"><strong>la convergencia a la baja de la inflaci\u00f3n<\/strong><\/a>\u201d, enfatiz\u00f3.<\/p>\n\n\n\n<p>Por su parte, Paulina Anciola e Iv\u00e1n Arias,<strong>&nbsp;analistas de Banamex<\/strong>, se\u00f1alaron que se perfila otra pausa en marzo y recorte en mayo, y prev\u00e9n que la tasa cerrar\u00e1 el a\u00f1o en 6.5 por ciento. \u201cToda vez que se verifique que dichas presiones son acotadas y de corta duraci\u00f3n, estimamos que&nbsp;<strong>Banxico<\/strong>&nbsp;retomar\u00eda en mayo un par de recortes, considerando<strong>&nbsp;un crecimiento econ\u00f3mico&nbsp;<\/strong>que se mantendr\u00eda moderado,&nbsp;<strong>un tipo de cambio apreciado<\/strong>, y que<strong>&nbsp;la tasa de pol\u00edtica monetaria&nbsp;<\/strong>estar\u00eda en terreno neutral\u201d, estimaron.<\/p>\n\n\n\n<p>Liam Peach, economista s\u00e9nior de mercados emergentes en Capital Economics, resalt\u00f3 que incluso el banco central se podr\u00eda considerar que&nbsp;<strong>podr\u00edan bajar m\u00e1s las tasas a lo esperado<\/strong>, hasta 6.25 por ciento.<\/p>\n\n\n\n<p>Alberto Ramos, economista en jefe para Am\u00e9rica Latina en Goldman Sachs, prev\u00e9 que&nbsp;<strong>se mantendr\u00e1 la pausa en marzo<\/strong>, mientras busca una ventana de oportunidad para<strong>&nbsp;reanudar los recortes.<\/strong><\/p>\n\n\n\n<p>En Banorte esperan&nbsp;<strong>un recorte de 25 puntos base en marzo&nbsp;<\/strong>y una baja total de 50 puntos en el primer semestre, para alcanzar una tasa terminal de 6.5 por ciento.<\/p>\n","protected":false},"excerpt":{"rendered":"<p>La Junta de Gobierno del&nbsp;Banco de M\u00e9xico (Banxico)paus\u00f3&nbsp;el ciclo de recortes a la tasa de inter\u00e9sy la dej\u00f3 en un nivel de 7.0 por ciento. A la par, modific\u00f3 sus&nbsp;expectativas de inflaci\u00f3n&nbsp;y recorri\u00f3 al 2027&nbsp;la convergencia del indicador a la meta de 3.0 por ciento. Analistas econ\u00f3micos estimaron que todav\u00eda no se llega ala tasa de inter\u00e9s final&nbsp;y resaltaron la&nbsp;postura cautelosa de&nbsp;Banxicode evaluar el&nbsp;panorama inflacionario&nbsp;antes de ver&nbsp;nuevos recortes.&nbsp;Ahora la duda es si \u00e9stos podr\u00edan ocurrir en marzo o hasta mayo. En una decisi\u00f3n un\u00e1nime,&nbsp;Banxico&nbsp;juzg\u00f3 apropiado pausar el ciclo de disminuciones de la tasa ante la necesidad de&nbsp;revisar el impacto de&#8230;<\/p>\n","protected":false},"author":13,"featured_media":22164,"comment_status":"closed","ping_status":"closed","sticky":false,"template":"","format":"standard","meta":{"footnotes":""},"categories":[38],"tags":[905,178,1559],"class_list":["post-22163","post","type-post","status-publish","format-standard","has-post-thumbnail","hentry","category-economia","tag-banxico","tag-inflacion","tag-recortes"],"acf":[],"_links":{"self":[{"href":"https:\/\/boletinsonora.com.mx\/index.php?rest_route=\/wp\/v2\/posts\/22163","targetHints":{"allow":["GET"]}}],"collection":[{"href":"https:\/\/boletinsonora.com.mx\/index.php?rest_route=\/wp\/v2\/posts"}],"about":[{"href":"https:\/\/boletinsonora.com.mx\/index.php?rest_route=\/wp\/v2\/types\/post"}],"author":[{"embeddable":true,"href":"https:\/\/boletinsonora.com.mx\/index.php?rest_route=\/wp\/v2\/users\/13"}],"replies":[{"embeddable":true,"href":"https:\/\/boletinsonora.com.mx\/index.php?rest_route=%2Fwp%2Fv2%2Fcomments&post=22163"}],"version-history":[{"count":1,"href":"https:\/\/boletinsonora.com.mx\/index.php?rest_route=\/wp\/v2\/posts\/22163\/revisions"}],"predecessor-version":[{"id":22165,"href":"https:\/\/boletinsonora.com.mx\/index.php?rest_route=\/wp\/v2\/posts\/22163\/revisions\/22165"}],"wp:featuredmedia":[{"embeddable":true,"href":"https:\/\/boletinsonora.com.mx\/index.php?rest_route=\/wp\/v2\/media\/22164"}],"wp:attachment":[{"href":"https:\/\/boletinsonora.com.mx\/index.php?rest_route=%2Fwp%2Fv2%2Fmedia&parent=22163"}],"wp:term":[{"taxonomy":"category","embeddable":true,"href":"https:\/\/boletinsonora.com.mx\/index.php?rest_route=%2Fwp%2Fv2%2Fcategories&post=22163"},{"taxonomy":"post_tag","embeddable":true,"href":"https:\/\/boletinsonora.com.mx\/index.php?rest_route=%2Fwp%2Fv2%2Ftags&post=22163"}],"curies":[{"name":"wp","href":"https:\/\/api.w.org\/{rel}","templated":true}]}}