{"id":22205,"date":"2026-02-22T15:51:02","date_gmt":"2026-02-22T15:51:02","guid":{"rendered":"https:\/\/boletinsonora.com.mx\/?p=22205"},"modified":"2026-02-24T15:53:47","modified_gmt":"2026-02-24T15:53:47","slug":"somos-mexico-nace-como-partido-promete-presidencia-en-2030","status":"publish","type":"post","link":"https:\/\/boletinsonora.com.mx\/?p=22205","title":{"rendered":"&#8220;Somos M\u00e9xico&#8221; nace como partido; promete presidencia en 2030"},"content":{"rendered":"\n<p><strong>\u201cSomos M\u00e9xico\u201d<\/strong>&nbsp;tuvo su primera asamblea constitutiva como&nbsp;<strong>partido pol\u00edtico nacional<\/strong>&nbsp;el s\u00e1bado 21 de febrero de 2025. Dicho movimiento tendr\u00e1 a Guadalupe Acosta y Cecilia Soto como presidente y secretaria general del organismo.<\/p>\n\n\n\n<p><strong>Acosta Naranjo<\/strong>&nbsp;record\u00f3 que en febrero de 2025 comenzaron las labores para realizar asambleas y afiliar ciudadanos para poder \u201cfundar una nueva fuerza pol\u00edtica en M\u00e9xico. Lo logramos\u201d, mencion\u00f3.<\/p>\n\n\n\n<p>As\u00ed fue la primera asamblea del nuevo partido pol\u00edtico Somos M\u00e9xico<\/p>\n\n\n\n<p>El presidente de&nbsp;<strong>Somos M\u00e9xico<\/strong>&nbsp;urgi\u00f3 a separar las funciones del&nbsp;<strong>Estado<\/strong>&nbsp;mexicano y record\u00f3 que el partido&nbsp;<a href=\"https:\/\/www.tvazteca.com\/aztecanoticias\/morena-partido-politico-mexico\" target=\"_blank\" rel=\"noreferrer noopener\"><strong>Morena<\/strong><\/a>&nbsp;tiene v\u00ednculos con la delincuencia organizada.<\/p>\n\n\n\n<p>\u201cEl partido pol\u00edtico que hoy gobierna est\u00e1 profundamente vinculado al crimen, a la delincuencia organizada, se debe de separar a los delincuentes de la funci\u00f3n del&nbsp;<strong>Estado<\/strong>, est\u00e1n fusionados y a eso nos enfrentamos\u201d, mencion\u00f3 en su discurso.<\/p>\n\n\n\n<h2 class=\"wp-block-heading\">3 exministros de la SCJN formar\u00e1n parte del partido \u201cSomos M\u00e9xico\u201d<\/h2>\n\n\n\n<p>Como parte del Consejo Consultivo de&nbsp;<strong>Somos M\u00e9xico<\/strong>&nbsp;estar\u00e1n tres exministros de la&nbsp;<a href=\"https:\/\/www.tvazteca.com\/aztecanoticias\/suprema-corte-justicia-nacion\"><strong>Suprema Corte de Justicia de la Naci\u00f3n (SCJN)<\/strong><\/a>:&nbsp;<strong>Margarita R\u00edos Farjat,<\/strong>&nbsp;<strong>Jos\u00e9 Ram\u00f3n Coss\u00edo<\/strong>&nbsp;y&nbsp;<strong>Javier Laynez.<\/strong><\/p>\n\n\n\n<h2 class=\"wp-block-heading\">&#8220;Somos M\u00e9xico&#8221; ganar\u00e1 la presidencia de M\u00e9xico en 2030: Acosta Naranjo<\/h2>\n\n\n\n<p><strong>Acosta Naranjo<\/strong>&nbsp;critic\u00f3 que prevalezca la sombra de&nbsp;<a href=\"https:\/\/www.tvazteca.com\/aztecanoticias\/amlo-presidente\" target=\"_blank\" rel=\"noreferrer noopener\"><strong>Andr\u00e9s Manuel L\u00f3pez Obrador<\/strong><\/a>&nbsp;en el gobierno federal como una figura de cogobierno, \u201cy eso no es lo que se\u00f1ala la&nbsp;<strong>Constituci\u00f3n<\/strong>. De ah\u00ed la confusi\u00f3n, su confusi\u00f3n, la falta de eficacia, sus traspi\u00e9s, sus crisis crecientes, una desgracia para todo el pa\u00eds\u201d.<\/p>\n\n\n\n<p>El presidente de\u00a0<strong>\u201cSomos M\u00e9xico\u201d<\/strong>\u00a0se\u00f1al\u00f3 que en 2027 la oposici\u00f3n recuperar\u00e1 la\u00a0<strong>C\u00e1mara de Diputados<\/strong>, tendr\u00e1 triunfos en gubernaturas estatales y que en 2030 ganar\u00e1 la presidencia de la rep\u00fablica.<\/p>\n","protected":false},"excerpt":{"rendered":"<p>\u201cSomos M\u00e9xico\u201d&nbsp;tuvo su primera asamblea constitutiva como&nbsp;partido pol\u00edtico nacional&nbsp;el s\u00e1bado 21 de febrero de 2025. Dicho movimiento tendr\u00e1 a Guadalupe Acosta y Cecilia Soto como presidente y secretaria general del organismo. Acosta Naranjo&nbsp;record\u00f3 que en febrero de 2025 comenzaron las labores para realizar asambleas y afiliar ciudadanos para poder \u201cfundar una nueva fuerza pol\u00edtica en M\u00e9xico. Lo logramos\u201d, mencion\u00f3. As\u00ed fue la primera asamblea del nuevo partido pol\u00edtico Somos M\u00e9xico El presidente de&nbsp;Somos M\u00e9xico&nbsp;urgi\u00f3 a separar las funciones del&nbsp;Estado&nbsp;mexicano y record\u00f3 que el partido&nbsp;Morena&nbsp;tiene v\u00ednculos con la delincuencia organizada. \u201cEl partido pol\u00edtico que hoy gobierna est\u00e1 profundamente vinculado al crimen,&#8230;<\/p>\n","protected":false},"author":13,"featured_media":22206,"comment_status":"closed","ping_status":"closed","sticky":false,"template":"","format":"standard","meta":{"footnotes":""},"categories":[37],"tags":[1895,4187,4414],"class_list":["post-22205","post","type-post","status-publish","format-standard","has-post-thumbnail","hentry","category-politica","tag-partido-politico","tag-presidencia-2030","tag-somos-mexico"],"acf":[],"_links":{"self":[{"href":"https:\/\/boletinsonora.com.mx\/index.php?rest_route=\/wp\/v2\/posts\/22205","targetHints":{"allow":["GET"]}}],"collection":[{"href":"https:\/\/boletinsonora.com.mx\/index.php?rest_route=\/wp\/v2\/posts"}],"about":[{"href":"https:\/\/boletinsonora.com.mx\/index.php?rest_route=\/wp\/v2\/types\/post"}],"author":[{"embeddable":true,"href":"https:\/\/boletinsonora.com.mx\/index.php?rest_route=\/wp\/v2\/users\/13"}],"replies":[{"embeddable":true,"href":"https:\/\/boletinsonora.com.mx\/index.php?rest_route=%2Fwp%2Fv2%2Fcomments&post=22205"}],"version-history":[{"count":1,"href":"https:\/\/boletinsonora.com.mx\/index.php?rest_route=\/wp\/v2\/posts\/22205\/revisions"}],"predecessor-version":[{"id":22207,"href":"https:\/\/boletinsonora.com.mx\/index.php?rest_route=\/wp\/v2\/posts\/22205\/revisions\/22207"}],"wp:featuredmedia":[{"embeddable":true,"href":"https:\/\/boletinsonora.com.mx\/index.php?rest_route=\/wp\/v2\/media\/22206"}],"wp:attachment":[{"href":"https:\/\/boletinsonora.com.mx\/index.php?rest_route=%2Fwp%2Fv2%2Fmedia&parent=22205"}],"wp:term":[{"taxonomy":"category","embeddable":true,"href":"https:\/\/boletinsonora.com.mx\/index.php?rest_route=%2Fwp%2Fv2%2Fcategories&post=22205"},{"taxonomy":"post_tag","embeddable":true,"href":"https:\/\/boletinsonora.com.mx\/index.php?rest_route=%2Fwp%2Fv2%2Ftags&post=22205"}],"curies":[{"name":"wp","href":"https:\/\/api.w.org\/{rel}","templated":true}]}}