{"id":22208,"date":"2026-02-23T16:01:46","date_gmt":"2026-02-23T16:01:46","guid":{"rendered":"https:\/\/boletinsonora.com.mx\/?p=22208"},"modified":"2026-02-24T16:04:15","modified_gmt":"2026-02-24T16:04:15","slug":"diputados-avalan-en-comisiones-jornada-de-40-horas-pasa-al-pleno-sin-dos-dias-de-descanso","status":"publish","type":"post","link":"https:\/\/boletinsonora.com.mx\/?p=22208","title":{"rendered":"Diputados avalan en comisiones jornada de 40 horas; pasa al pleno sin dos d\u00edas de descanso"},"content":{"rendered":"\n<p>La iniciativa, presentada por diversos legisladores, busca homologar la jornada laboral en 40 horas semanales, reduciendo el m\u00e1ximo actual de 48 horas, con el argumento de mejorar la calidad de vida de los trabajadores y adaptarse a tendencias internacionales en materia laboral.<\/p>\n\n\n\n<p>No obstante, el proyecto tambi\u00e9n plantea flexibilidad en la distribuci\u00f3n de las horas de descanso, permitiendo que los trabajadores no siempre tengan dos d\u00edas completos libres, sino que puedan organizar sus descansos de manera escalonada, lo que ha sido uno de los puntos m\u00e1s controversiales entre los integrantes de las comisiones.<\/p>\n\n\n\n<h2 class=\"wp-block-heading\">Posturas en el debate<\/h2>\n\n\n\n<p>Quienes apoyan la iniciativa argumentan que la jornada de 40 horas es un paso hacia la modernizaci\u00f3n laboral, y que la flexibilidad en los d\u00edas de descanso podr\u00eda beneficiar a sectores con necesidades de operaci\u00f3n continua, como el comercio, turismo y servicios.<\/p>\n\n\n\n<p>Por otro lado, cr\u00edticos han se\u00f1alado que eliminar la garant\u00eda de dos d\u00edas de descanso puede afectar la salud y el bienestar de los trabajadores, reduciendo tiempo de recuperaci\u00f3n f\u00edsica y emocional. Legisladores de oposici\u00f3n han insistido en que cualquier modificaci\u00f3n debe priorizar el derecho al descanso sin detrimento de la vida familiar y social de la poblaci\u00f3n trabajadora.<\/p>\n\n\n\n<h2 class=\"wp-block-heading\">Siguiente etapa legislativa<\/h2>\n\n\n\n<p>Tras su aprobaci\u00f3n en comisiones, el dictamen ser\u00e1 sometido al pleno de la C\u00e1mara de Diputados para su discusi\u00f3n y eventual voto. En el an\u00e1lisis de todos los grupos parlamentarios se espera que se incorporen reservas, modificaciones y posicionamientos sobre puntos como la distribuci\u00f3n de descansos, excepciones por sector econ\u00f3mico y mecanismos de supervisi\u00f3n del cumplimiento de la jornada.<\/p>\n\n\n\n<h2 class=\"wp-block-heading\">Implicaciones laborales<\/h2>\n\n\n\n<p>De concretarse, la jornada de 40 horas podr\u00eda implicar ajustes en contratos colectivos, esquemas de horas extras y en la planificaci\u00f3n de turnos laborales, especialmente en empresas con operaciones continuas o que demandan trabajo en fines de semana y d\u00edas festivos.<\/p>\n\n\n\n<h2 class=\"wp-block-heading\">Tendencias globales de trabajo<\/h2>\n\n\n\n<p>La reducci\u00f3n de la jornada laboral ha sido tema de discusi\u00f3n en varios pa\u00edses del mundo, donde se ha propuesto \u2014o incluso implementado\u2014 esquemas de cuatro d\u00edas de trabajo por semana, manteniendo la misma remuneraci\u00f3n, con resultados mixtos respecto a productividad y bienestar. La reforma en M\u00e9xico se suma a esta conversaci\u00f3n internacional sobre c\u00f3mo equilibrar trabajo, descanso y calidad de vida.<\/p>\n","protected":false},"excerpt":{"rendered":"<p>La iniciativa, presentada por diversos legisladores, busca homologar la jornada laboral en 40 horas semanales, reduciendo el m\u00e1ximo actual de 48 horas, con el argumento de mejorar la calidad de vida de los trabajadores y adaptarse a tendencias internacionales en materia laboral. No obstante, el proyecto tambi\u00e9n plantea flexibilidad en la distribuci\u00f3n de las horas de descanso, permitiendo que los trabajadores no siempre tengan dos d\u00edas completos libres, sino que puedan organizar sus descansos de manera escalonada, lo que ha sido uno de los puntos m\u00e1s controversiales entre los integrantes de las comisiones. Posturas en el debate Quienes apoyan la&#8230;<\/p>\n","protected":false},"author":13,"featured_media":22209,"comment_status":"closed","ping_status":"closed","sticky":false,"template":"","format":"standard","meta":{"footnotes":""},"categories":[37],"tags":[2225,1184,4373],"class_list":["post-22208","post","type-post","status-publish","format-standard","has-post-thumbnail","hentry","category-politica","tag-comisiones","tag-diputados","tag-jornada-de-40-hrs"],"acf":[],"_links":{"self":[{"href":"https:\/\/boletinsonora.com.mx\/index.php?rest_route=\/wp\/v2\/posts\/22208","targetHints":{"allow":["GET"]}}],"collection":[{"href":"https:\/\/boletinsonora.com.mx\/index.php?rest_route=\/wp\/v2\/posts"}],"about":[{"href":"https:\/\/boletinsonora.com.mx\/index.php?rest_route=\/wp\/v2\/types\/post"}],"author":[{"embeddable":true,"href":"https:\/\/boletinsonora.com.mx\/index.php?rest_route=\/wp\/v2\/users\/13"}],"replies":[{"embeddable":true,"href":"https:\/\/boletinsonora.com.mx\/index.php?rest_route=%2Fwp%2Fv2%2Fcomments&post=22208"}],"version-history":[{"count":1,"href":"https:\/\/boletinsonora.com.mx\/index.php?rest_route=\/wp\/v2\/posts\/22208\/revisions"}],"predecessor-version":[{"id":22210,"href":"https:\/\/boletinsonora.com.mx\/index.php?rest_route=\/wp\/v2\/posts\/22208\/revisions\/22210"}],"wp:featuredmedia":[{"embeddable":true,"href":"https:\/\/boletinsonora.com.mx\/index.php?rest_route=\/wp\/v2\/media\/22209"}],"wp:attachment":[{"href":"https:\/\/boletinsonora.com.mx\/index.php?rest_route=%2Fwp%2Fv2%2Fmedia&parent=22208"}],"wp:term":[{"taxonomy":"category","embeddable":true,"href":"https:\/\/boletinsonora.com.mx\/index.php?rest_route=%2Fwp%2Fv2%2Fcategories&post=22208"},{"taxonomy":"post_tag","embeddable":true,"href":"https:\/\/boletinsonora.com.mx\/index.php?rest_route=%2Fwp%2Fv2%2Ftags&post=22208"}],"curies":[{"name":"wp","href":"https:\/\/api.w.org\/{rel}","templated":true}]}}