{"id":22214,"date":"2026-02-23T16:10:10","date_gmt":"2026-02-23T16:10:10","guid":{"rendered":"https:\/\/boletinsonora.com.mx\/?p=22214"},"modified":"2026-02-24T16:12:06","modified_gmt":"2026-02-24T16:12:06","slug":"eu-evacua-embajada-en-beirut-por-tension-con-iran","status":"publish","type":"post","link":"https:\/\/boletinsonora.com.mx\/?p=22214","title":{"rendered":"EU evac\u00faa embajada en Beirut por tensi\u00f3n con Ir\u00e1n"},"content":{"rendered":"\n<p>El gobierno de&nbsp;<strong>Estados Unidos<\/strong>&nbsp;orden\u00f3 la evacuaci\u00f3n de personal no esencial y familiares de su embajada en la capital libanesa, en una decisi\u00f3n que responde al aumento de tensiones con&nbsp;<strong>Ir\u00e1n<\/strong>&nbsp;y a la creciente incertidumbre en Medio Oriente.<\/p>\n\n\n\n<p>La medida fue adoptada tras una evaluaci\u00f3n de seguridad del Departamento de Estado, que determin\u00f3 reducir temporalmente la presencia diplom\u00e1tica en&nbsp;<strong>Beirut&nbsp;<\/strong>para minimizar riesgos. Aunque la embajada continuar\u00e1 operando, lo har\u00e1 con un equipo limitado enfocado en funciones esenciales y en la atenci\u00f3n consular b\u00e1sica para ciudadanos estadounidenses.<\/p>\n\n\n\n<h2 class=\"wp-block-heading\">Salida escalonada y operaci\u00f3n limitada<\/h2>\n\n\n\n<p>De acuerdo con reportes locales, decenas de empleados y sus familiares comenzaron a salir del pa\u00eds en vuelos comerciales, mientras que otros lo har\u00e1n de forma escalonada en los pr\u00f3ximos d\u00edas. Las autoridades estadounidenses precisaron que la orden no implica el cierre de la sede diplom\u00e1tica, sino un ajuste preventivo ante un entorno vol\u00e1til.<\/p>\n\n\n\n<p>Funcionarios&nbsp;<strong>subrayaron&nbsp;<\/strong>que este tipo de decisiones forman parte de protocolos habituales cuando se eleva el nivel de riesgo en una regi\u00f3n. La prioridad, se\u00f1alaron, es&nbsp;<strong>garantizar&nbsp;<\/strong>la&nbsp;<strong>seguridad&nbsp;<\/strong>del personal sin suspender por completo las operaciones diplom\u00e1ticas.<\/p>\n\n\n\n<h2 class=\"wp-block-heading\">Un escenario regional cada vez m\u00e1s delicado<\/h2>\n\n\n\n<p>La evacuaci\u00f3n ocurre en un momento de fricci\u00f3n&nbsp;<strong>creciente&nbsp;<\/strong>entre Washington y Teher\u00e1n. En semanas recientes se han intensificado las advertencias cruzadas y los movimientos estrat\u00e9gicos en distintos puntos de Medio Oriente, lo que ha elevado la preocupaci\u00f3n internacional por una posible escalada.<\/p>\n\n\n\n<p>Si bien no se ha anunciado una acci\u00f3n militar inmediata, el ambiente de tensi\u00f3n ha llevado a Estados Unidos a revisar la seguridad de sus representaciones&nbsp;<strong>diplom\u00e1ticas&nbsp;<\/strong>en la regi\u00f3n. Analistas consideran que la reducci\u00f3n de personal tambi\u00e9n env\u00eda una se\u00f1al pol\u00edtica sobre la gravedad del momento.<\/p>\n\n\n\n<p>Por ahora, el gobierno estadounidense asegur\u00f3 que la medida es temporal y que la situaci\u00f3n ser\u00e1 monitoreada de forma constante para determinar los siguientes pasos.<\/p>\n","protected":false},"excerpt":{"rendered":"<p>El gobierno de&nbsp;Estados Unidos&nbsp;orden\u00f3 la evacuaci\u00f3n de personal no esencial y familiares de su embajada en la capital libanesa, en una decisi\u00f3n que responde al aumento de tensiones con&nbsp;Ir\u00e1n&nbsp;y a la creciente incertidumbre en Medio Oriente. La medida fue adoptada tras una evaluaci\u00f3n de seguridad del Departamento de Estado, que determin\u00f3 reducir temporalmente la presencia diplom\u00e1tica en&nbsp;Beirut&nbsp;para minimizar riesgos. Aunque la embajada continuar\u00e1 operando, lo har\u00e1 con un equipo limitado enfocado en funciones esenciales y en la atenci\u00f3n consular b\u00e1sica para ciudadanos estadounidenses. Salida escalonada y operaci\u00f3n limitada De acuerdo con reportes locales, decenas de empleados y sus familiares comenzaron&#8230;<\/p>\n","protected":false},"author":13,"featured_media":22215,"comment_status":"closed","ping_status":"closed","sticky":false,"template":"","format":"standard","meta":{"footnotes":""},"categories":[36],"tags":[2204,1806,1133,4416],"class_list":["post-22214","post","type-post","status-publish","format-standard","has-post-thumbnail","hentry","category-internacional","tag-beirut","tag-embajada","tag-eu","tag-evacuacion-de-personal"],"acf":[],"_links":{"self":[{"href":"https:\/\/boletinsonora.com.mx\/index.php?rest_route=\/wp\/v2\/posts\/22214","targetHints":{"allow":["GET"]}}],"collection":[{"href":"https:\/\/boletinsonora.com.mx\/index.php?rest_route=\/wp\/v2\/posts"}],"about":[{"href":"https:\/\/boletinsonora.com.mx\/index.php?rest_route=\/wp\/v2\/types\/post"}],"author":[{"embeddable":true,"href":"https:\/\/boletinsonora.com.mx\/index.php?rest_route=\/wp\/v2\/users\/13"}],"replies":[{"embeddable":true,"href":"https:\/\/boletinsonora.com.mx\/index.php?rest_route=%2Fwp%2Fv2%2Fcomments&post=22214"}],"version-history":[{"count":1,"href":"https:\/\/boletinsonora.com.mx\/index.php?rest_route=\/wp\/v2\/posts\/22214\/revisions"}],"predecessor-version":[{"id":22216,"href":"https:\/\/boletinsonora.com.mx\/index.php?rest_route=\/wp\/v2\/posts\/22214\/revisions\/22216"}],"wp:featuredmedia":[{"embeddable":true,"href":"https:\/\/boletinsonora.com.mx\/index.php?rest_route=\/wp\/v2\/media\/22215"}],"wp:attachment":[{"href":"https:\/\/boletinsonora.com.mx\/index.php?rest_route=%2Fwp%2Fv2%2Fmedia&parent=22214"}],"wp:term":[{"taxonomy":"category","embeddable":true,"href":"https:\/\/boletinsonora.com.mx\/index.php?rest_route=%2Fwp%2Fv2%2Fcategories&post=22214"},{"taxonomy":"post_tag","embeddable":true,"href":"https:\/\/boletinsonora.com.mx\/index.php?rest_route=%2Fwp%2Fv2%2Ftags&post=22214"}],"curies":[{"name":"wp","href":"https:\/\/api.w.org\/{rel}","templated":true}]}}