{"id":22218,"date":"2026-02-24T03:37:32","date_gmt":"2026-02-24T03:37:32","guid":{"rendered":"https:\/\/boletinsonora.com.mx\/?p=22218"},"modified":"2026-02-27T03:39:13","modified_gmt":"2026-02-27T03:39:13","slug":"scjn-revoca-amparo-a-cabeza-de-vaca-y-reactiva-orden-de-aprehension","status":"publish","type":"post","link":"https:\/\/boletinsonora.com.mx\/?p=22218","title":{"rendered":"SCJN revoca amparo a Cabeza de Vaca y reactiva orden de aprehensi\u00f3n"},"content":{"rendered":"\n<p>La&nbsp;<strong>Suprema Corte de Justicia de la Naci\u00f3n (SCJN)<\/strong>&nbsp;revoc\u00f3 el amparo que hab\u00eda protegido al exgobernador de&nbsp;<strong>Tamaulipas<\/strong>,&nbsp;<strong>Francisco Javier Garc\u00eda Cabeza de Vaca<\/strong>, lo que permiti\u00f3 que&nbsp;<strong>se reactive la orden de aprehensi\u00f3n<\/strong>&nbsp;en su contra por presuntos delitos del fuero federal, informaron fuentes judiciales y la&nbsp;<strong>Fiscal\u00eda General de la Rep\u00fablica (FGR)<\/strong>.&nbsp;<\/p>\n\n\n\n<h2 class=\"wp-block-heading\">Revocaci\u00f3n del amparo<\/h2>\n\n\n\n<p>La decisi\u00f3n de la SCJN implica que la protecci\u00f3n constitucional otorgada previamente a Cabeza de Vaca ya no tiene efecto, lo que habilita a las autoridades para proceder con la ejecuci\u00f3n de su orden de aprehensi\u00f3n vigente y continuar con las acciones legales que se siguen en su contra por diversos cargos federales.<\/p>\n\n\n\n<p>La FGR celebr\u00f3 la determinaci\u00f3n del m\u00e1ximo tribunal al se\u00f1alar que se fortalece la&nbsp;<strong>cooperaci\u00f3n judicial y el cumplimiento de la ley<\/strong>, reiterando su compromiso de perseguir la justicia sin privilegios.<\/p>\n\n\n\n<h2 class=\"wp-block-heading\">Cargos federales y antecedentes<\/h2>\n\n\n\n<p>La orden de aprehensi\u00f3n contra Cabeza de Vaca se relaciona con&nbsp;<strong>supuestos delitos federales<\/strong>&nbsp;en el \u00e1mbito de la responsabilidad de exfuncionarios p\u00fablicos, por los cuales enfrenta procesos de investigaci\u00f3n y posibles acusaciones que habr\u00edan derivado de auditor\u00edas y denuncias presentadas por la autoridad ministerial.<\/p>\n\n\n\n<p>Aunque los detalles espec\u00edficos de los cargos no se han dado a conocer p\u00fablicamente en su totalidad, fuentes indican que forman parte de una serie de investigaciones que la FGR ha impulsado en contra de exmandatarios por presuntas irregularidades administrativas y penales.<\/p>\n\n\n\n<h2 class=\"wp-block-heading\">Repercusiones legales<\/h2>\n\n\n\n<p>Con la revocaci\u00f3n del amparo, las autoridades pueden&nbsp;<strong>proceder a la captura<\/strong>&nbsp;de Cabeza de Vaca si es localizado dentro del territorio nacional o, en su caso, solicitar colaboraci\u00f3n internacional para su aprehensi\u00f3n si se encuentra fuera del pa\u00eds.<\/p>\n\n\n\n<p>La defensa del exgobernador podr\u00e1 impugnar la decisi\u00f3n de la Corte en otras instancias procesales, pero por ahora la orden de aprehensi\u00f3n queda&nbsp;<strong>reactivada y ejecutable<\/strong>, lo que intensifica el proceso penal en su contra.<\/p>\n\n\n\n<h2 class=\"wp-block-heading\">Resoluci\u00f3n pol\u00edtica<\/h2>\n\n\n\n<p>La resoluci\u00f3n ha generado reacciones en diversos sectores pol\u00edticos y sociales, algunos calific\u00e1ndola como un avance para la justicia y otros advirtiendo sobre posibles implicaciones pol\u00edticas y legales en un contexto de disputas entre poderes.<\/p>\n\n\n\n<h2 class=\"wp-block-heading\">&nbsp;Amparos y persecuci\u00f3n penal<\/h2>\n\n\n\n<p>En M\u00e9xico, el juicio de amparo puede ser utilizado para frenar la ejecuci\u00f3n de \u00f3rdenes de aprehensi\u00f3n o actos de autoridad, siempre que se acrediten violaciones a derechos constitucionales. Sin embargo, la revocaci\u00f3n de ese amparo por parte de la SCJN permite que el proceso penal&nbsp;<strong>retome su curso normal<\/strong>, sin la protecci\u00f3n temporal que hab\u00eda impedido la detenci\u00f3n del inculpado.<\/p>\n","protected":false},"excerpt":{"rendered":"<p>La&nbsp;Suprema Corte de Justicia de la Naci\u00f3n (SCJN)&nbsp;revoc\u00f3 el amparo que hab\u00eda protegido al exgobernador de&nbsp;Tamaulipas,&nbsp;Francisco Javier Garc\u00eda Cabeza de Vaca, lo que permiti\u00f3 que&nbsp;se reactive la orden de aprehensi\u00f3n&nbsp;en su contra por presuntos delitos del fuero federal, informaron fuentes judiciales y la&nbsp;Fiscal\u00eda General de la Rep\u00fablica (FGR).&nbsp; Revocaci\u00f3n del amparo La decisi\u00f3n de la SCJN implica que la protecci\u00f3n constitucional otorgada previamente a Cabeza de Vaca ya no tiene efecto, lo que habilita a las autoridades para proceder con la ejecuci\u00f3n de su orden de aprehensi\u00f3n vigente y continuar con las acciones legales que se siguen en su contra&#8230;<\/p>\n","protected":false},"author":13,"featured_media":22219,"comment_status":"closed","ping_status":"closed","sticky":false,"template":"","format":"standard","meta":{"footnotes":""},"categories":[37],"tags":[102,4417,152],"class_list":["post-22218","post","type-post","status-publish","format-standard","has-post-thumbnail","hentry","category-politica","tag-cabeza-de-vaca","tag-orden-de-aprehension","tag-scjn"],"acf":[],"_links":{"self":[{"href":"https:\/\/boletinsonora.com.mx\/index.php?rest_route=\/wp\/v2\/posts\/22218","targetHints":{"allow":["GET"]}}],"collection":[{"href":"https:\/\/boletinsonora.com.mx\/index.php?rest_route=\/wp\/v2\/posts"}],"about":[{"href":"https:\/\/boletinsonora.com.mx\/index.php?rest_route=\/wp\/v2\/types\/post"}],"author":[{"embeddable":true,"href":"https:\/\/boletinsonora.com.mx\/index.php?rest_route=\/wp\/v2\/users\/13"}],"replies":[{"embeddable":true,"href":"https:\/\/boletinsonora.com.mx\/index.php?rest_route=%2Fwp%2Fv2%2Fcomments&post=22218"}],"version-history":[{"count":1,"href":"https:\/\/boletinsonora.com.mx\/index.php?rest_route=\/wp\/v2\/posts\/22218\/revisions"}],"predecessor-version":[{"id":22220,"href":"https:\/\/boletinsonora.com.mx\/index.php?rest_route=\/wp\/v2\/posts\/22218\/revisions\/22220"}],"wp:featuredmedia":[{"embeddable":true,"href":"https:\/\/boletinsonora.com.mx\/index.php?rest_route=\/wp\/v2\/media\/22219"}],"wp:attachment":[{"href":"https:\/\/boletinsonora.com.mx\/index.php?rest_route=%2Fwp%2Fv2%2Fmedia&parent=22218"}],"wp:term":[{"taxonomy":"category","embeddable":true,"href":"https:\/\/boletinsonora.com.mx\/index.php?rest_route=%2Fwp%2Fv2%2Fcategories&post=22218"},{"taxonomy":"post_tag","embeddable":true,"href":"https:\/\/boletinsonora.com.mx\/index.php?rest_route=%2Fwp%2Fv2%2Ftags&post=22218"}],"curies":[{"name":"wp","href":"https:\/\/api.w.org\/{rel}","templated":true}]}}