{"id":22227,"date":"2026-02-25T03:50:06","date_gmt":"2026-02-25T03:50:06","guid":{"rendered":"https:\/\/boletinsonora.com.mx\/?p=22227"},"modified":"2026-02-27T03:52:27","modified_gmt":"2026-02-27T03:52:27","slug":"canada-da-8-millones-en-ayuda-alimentaria-a-cuba","status":"publish","type":"post","link":"https:\/\/boletinsonora.com.mx\/?p=22227","title":{"rendered":"Canad\u00e1 da $8 millones en ayuda alimentaria a Cuba"},"content":{"rendered":"\n<p>Canad\u00e1 enviar\u00e1 un paquete de 8 millones de d\u00f3lares canadienses en&nbsp;<strong>ayuda alimentaria inmediata a Cuba<\/strong>, en respuesta a una grave crisis de combustible y escasez de bienes b\u00e1sicos que golpea a la isla caribe\u00f1a.<\/p>\n\n\n\n<h2 class=\"wp-block-heading\">Canad\u00e1 no acudi\u00f3 a EU para tomar su decisi\u00f3n<\/h2>\n\n\n\n<p>La ministra de Asuntos Exteriores, Anita Anand, revel\u00f3 que la decisi\u00f3n no fue consultada con funcionarios de Estados Unidos, incluido el secretario de Estado Marco Rubio, y que<strong>\u00a0responde exclusivamente a consideraciones humanitarias dentro de la pol\u00edtica exterior de Canad\u00e1.<\/strong><a href=\"https:\/\/images.sipse.com\/rr7IjIHLtus8pw4yKI4q-RA-Rm8=\/fit-in\/900x500\/2026\/02\/25\/1772044265548.png\"><\/a><\/p>\n\n\n\n<p>Los fondos, aproximadamente 6,7 millones de d\u00f3lares estadounidenses, ser\u00e1n canalizados a trav\u00e9s de agencias de Organizaci\u00f3n de las Naciones Unidas (ONU), como el&nbsp;<strong>Programa Mundial de Alimentos y UNICEF<\/strong>, y no directamente al gobierno cubano, con el objetivo de garantizar que lleguen a las personas m\u00e1s vulnerables afectadas por la crisis.<\/p>\n\n\n\n<h2 class=\"wp-block-heading\">Una crisis energ\u00e9tica que se agrava<\/h2>\n\n\n\n<p>La isla caribe\u00f1a enfrenta una crisis energ\u00e9tica que, con el paso de los d\u00edas, se agrava y todo a ra\u00edz de la suspensi\u00f3n de petr\u00f3leo desde M\u00e9xico y Venezuela, dos de sus principales proveedores, presionados por Estados Unidos en el marco de un embargo m\u00e1s estricto. Esto ha llevado a cortes de energ\u00eda prolongados, alzas en los costos de transporte y alimentos, y cancelaciones de vuelos, incluidas&nbsp;<strong><a href=\"https:\/\/sipse.com\/mundo\/crisis-de-combustible-obliga-a-air-canada-a-cancelar-vuelos-cubanos-503886.html\" target=\"_blank\" rel=\"noreferrer noopener\">rutas operadas por Air Canada.<\/a><\/strong><\/p>\n\n\n\n<p>La oficina gubernamental canadiense,&nbsp;<strong>Global Affairs Canada<\/strong>, ha emitido advertencias de viaje durante m\u00e1s de un a\u00f1o alertando sobre \u201cescasez de art\u00edculos de primera necesidad, incluidos alimentos, medicamentos y combustible\u201d en gran parte de Cuba.<\/p>\n\n\n\n<p>Cuba produce solo alrededor del 40% del combustible que necesita, lo que la hace extremadamente vulnerable a bloqueos externos e interrupciones en el suministro.<\/p>\n\n\n\n<h2 class=\"wp-block-heading\">M\u00e9xico tambi\u00e9n ampl\u00eda su apoyo<\/h2>\n\n\n\n<p>En paralelo, M\u00e9xico ha enviado un segundo paquete de ayuda humanitaria a Cuba. Dos buques de la Armada mexicana zarparon con&nbsp;<strong>1 193 toneladas de alimentos, incluidos frijoles y leche en polvo<\/strong>, que se espera arriben este s\u00e1bado al puerto cubano.<\/p>\n\n\n\n<p>Este env\u00edo se suma a otro de m\u00e1s de 800 toneladas de alimentos y productos de higiene enviados por M\u00e9xico en febrero, mientras continuaban las negociaciones diplom\u00e1ticas para reanudar el suministro de petr\u00f3leo.<\/p>\n\n\n\n<p>La asistencia de Canad\u00e1 y M\u00e9xico apunta a<strong>&nbsp;mitigar el impacto humanitario sobre la poblaci\u00f3n civil<\/strong>, preservando canales de cooperaci\u00f3n internacional en medio de tensiones geopol\u00edticas crecientes.<\/p>\n","protected":false},"excerpt":{"rendered":"<p>Canad\u00e1 enviar\u00e1 un paquete de 8 millones de d\u00f3lares canadienses en&nbsp;ayuda alimentaria inmediata a Cuba, en respuesta a una grave crisis de combustible y escasez de bienes b\u00e1sicos que golpea a la isla caribe\u00f1a. Canad\u00e1 no acudi\u00f3 a EU para tomar su decisi\u00f3n La ministra de Asuntos Exteriores, Anita Anand, revel\u00f3 que la decisi\u00f3n no fue consultada con funcionarios de Estados Unidos, incluido el secretario de Estado Marco Rubio, y que\u00a0responde exclusivamente a consideraciones humanitarias dentro de la pol\u00edtica exterior de Canad\u00e1. Los fondos, aproximadamente 6,7 millones de d\u00f3lares estadounidenses, ser\u00e1n canalizados a trav\u00e9s de agencias de Organizaci\u00f3n de las&#8230;<\/p>\n","protected":false},"author":13,"featured_media":22228,"comment_status":"closed","ping_status":"closed","sticky":false,"template":"","format":"standard","meta":{"footnotes":""},"categories":[36],"tags":[1257,201,219],"class_list":["post-22227","post","type-post","status-publish","format-standard","has-post-thumbnail","hentry","category-internacional","tag-ayuda-humanitaria","tag-canada","tag-cuba"],"acf":[],"_links":{"self":[{"href":"https:\/\/boletinsonora.com.mx\/index.php?rest_route=\/wp\/v2\/posts\/22227","targetHints":{"allow":["GET"]}}],"collection":[{"href":"https:\/\/boletinsonora.com.mx\/index.php?rest_route=\/wp\/v2\/posts"}],"about":[{"href":"https:\/\/boletinsonora.com.mx\/index.php?rest_route=\/wp\/v2\/types\/post"}],"author":[{"embeddable":true,"href":"https:\/\/boletinsonora.com.mx\/index.php?rest_route=\/wp\/v2\/users\/13"}],"replies":[{"embeddable":true,"href":"https:\/\/boletinsonora.com.mx\/index.php?rest_route=%2Fwp%2Fv2%2Fcomments&post=22227"}],"version-history":[{"count":1,"href":"https:\/\/boletinsonora.com.mx\/index.php?rest_route=\/wp\/v2\/posts\/22227\/revisions"}],"predecessor-version":[{"id":22229,"href":"https:\/\/boletinsonora.com.mx\/index.php?rest_route=\/wp\/v2\/posts\/22227\/revisions\/22229"}],"wp:featuredmedia":[{"embeddable":true,"href":"https:\/\/boletinsonora.com.mx\/index.php?rest_route=\/wp\/v2\/media\/22228"}],"wp:attachment":[{"href":"https:\/\/boletinsonora.com.mx\/index.php?rest_route=%2Fwp%2Fv2%2Fmedia&parent=22227"}],"wp:term":[{"taxonomy":"category","embeddable":true,"href":"https:\/\/boletinsonora.com.mx\/index.php?rest_route=%2Fwp%2Fv2%2Fcategories&post=22227"},{"taxonomy":"post_tag","embeddable":true,"href":"https:\/\/boletinsonora.com.mx\/index.php?rest_route=%2Fwp%2Fv2%2Ftags&post=22227"}],"curies":[{"name":"wp","href":"https:\/\/api.w.org\/{rel}","templated":true}]}}