{"id":22237,"date":"2026-02-26T19:51:04","date_gmt":"2026-02-26T19:51:04","guid":{"rendered":"https:\/\/boletinsonora.com.mx\/?p=22237"},"modified":"2026-03-01T19:53:38","modified_gmt":"2026-03-01T19:53:38","slug":"scjn-lleva-justicia-itinerante-a-chiapas","status":"publish","type":"post","link":"https:\/\/boletinsonora.com.mx\/?p=22237","title":{"rendered":"SCJN lleva justicia itinerante a Chiapas"},"content":{"rendered":"\n<p>La Suprema Corte de Justicia de la Naci\u00f3n realiz\u00f3 este&nbsp;<strong>jueves 26 de febrero de 2026<\/strong>&nbsp;una sesi\u00f3n extraordinaria del Pleno en la&nbsp;<strong>explanada de la Casa de la Cultura<\/strong>&nbsp;de Tenejapa, Chiapas, frente a&nbsp;<strong>m\u00e1s de dos mil pobladores<\/strong>, en su mayor\u00eda ind\u00edgenas de la regi\u00f3n de Los Altos. Esta fue&nbsp;<strong>la primera vez en m\u00e1s de un siglo que la Corte celebra una sesi\u00f3n fuera de la Ciudad de M\u00e9xico<\/strong>, desde 1917, seg\u00fan autoridades judiciales.<\/p>\n\n\n\n<p>Ministros como&nbsp;<strong>Hugo Aguilar Ortiz<\/strong>, presidente de la Corte, encabezaron el Pleno instalado en la plaza p\u00fablica, mientras otros integrantes se conectaron a distancia por videoconferencia. Durante el acto tambi\u00e9n portaron&nbsp;<strong>vestimenta tradicional tsotsil y regional<\/strong>, gesto que fue interpretado como un acercamiento cultural con las comunidades asistentes.<\/p>\n\n\n\n<h2 class=\"wp-block-heading\">Objetivo de la sesi\u00f3n itinerante<\/h2>\n\n\n\n<p>En su intervenci\u00f3n, el ministro presidente afirm\u00f3 que la decisi\u00f3n de sesionar en territorio busca&nbsp;<strong>acercar la justicia a la poblaci\u00f3n<\/strong>, mostrando que el tribunal \u201cno es algo lejano\u201d y que forma parte del pueblo, con la intenci\u00f3n de&nbsp;<strong>reducir la distancia hist\u00f3rica entre las instituciones judiciales y las comunidades ind\u00edgenas<\/strong>.<\/p>\n\n\n\n<p>La sesi\u00f3n extraordinaria responde al nuevo reglamento de la SCJN que permite celebrar deliberaciones fuera de su sede cuando existan motivos sociales o pedidos de la ciudadan\u00eda. Este ejercicio fue definido como un paso hist\u00f3rico en la relaci\u00f3n entre la justicia constitucional y las poblaciones marginadas, particularmente en regiones con ancestrales tradiciones ind\u00edgenas.<\/p>\n\n\n\n<h2 class=\"wp-block-heading\">Temas abordados y participaci\u00f3n comunitaria<\/h2>\n\n\n\n<p>Durante la sesi\u00f3n en Tenejapa, uno de los asuntos que se abord\u00f3 fue&nbsp;<strong>un amparo promovido por la comunidad tsotsil de La Candelaria<\/strong>, relacionado con el reconocimiento formal de su autogobierno y la legislaci\u00f3n correspondiente. Este tema ha sido se\u00f1alado como clave para avanzar en derechos ind\u00edgenas y en la libre determinaci\u00f3n de las comunidades originarias.<\/p>\n\n\n\n<p>Asimismo, la presencia de pobladores de diversas comunidades de los Altos de Chiapas, como San Juan Chamula y San Juan Cancuc, resalt\u00f3 el inter\u00e9s de estos sectores por participar en el proceso, compartir sus inquietudes y observar directamente c\u00f3mo se deliberan los asuntos de justicia que les conciernen.<\/p>\n\n\n\n<h2 class=\"wp-block-heading\">Significado hist\u00f3rico de la sesi\u00f3n en Tenejapa<\/h2>\n\n\n\n<p>La sesi\u00f3n p\u00fablica del Pleno de la SCJN en Tenejapa marca un&nbsp;<strong>cambio en la pr\u00e1ctica institucional<\/strong>&nbsp;al llevar la justicia constitucional directamente a las comunidades. Autoridades judiciales se\u00f1alaron que la medida refleja un esfuerzo por&nbsp;<strong>hacer m\u00e1s transparente y accesible<\/strong>&nbsp;el funcionamiento del m\u00e1ximo tribunal del pa\u00eds, as\u00ed como fortalecer la legitimidad del Poder Judicial ante sectores hist\u00f3ricamente marginados.<\/p>\n","protected":false},"excerpt":{"rendered":"<p>La Suprema Corte de Justicia de la Naci\u00f3n realiz\u00f3 este&nbsp;jueves 26 de febrero de 2026&nbsp;una sesi\u00f3n extraordinaria del Pleno en la&nbsp;explanada de la Casa de la Cultura&nbsp;de Tenejapa, Chiapas, frente a&nbsp;m\u00e1s de dos mil pobladores, en su mayor\u00eda ind\u00edgenas de la regi\u00f3n de Los Altos. Esta fue&nbsp;la primera vez en m\u00e1s de un siglo que la Corte celebra una sesi\u00f3n fuera de la Ciudad de M\u00e9xico, desde 1917, seg\u00fan autoridades judiciales. Ministros como&nbsp;Hugo Aguilar Ortiz, presidente de la Corte, encabezaron el Pleno instalado en la plaza p\u00fablica, mientras otros integrantes se conectaron a distancia por videoconferencia. Durante el acto tambi\u00e9n&#8230;<\/p>\n","protected":false},"author":13,"featured_media":22238,"comment_status":"closed","ping_status":"closed","sticky":false,"template":"","format":"standard","meta":{"footnotes":""},"categories":[37],"tags":[450,4419,152],"class_list":["post-22237","post","type-post","status-publish","format-standard","has-post-thumbnail","hentry","category-politica","tag-chiapas","tag-justicia-itinerante","tag-scjn"],"acf":[],"_links":{"self":[{"href":"https:\/\/boletinsonora.com.mx\/index.php?rest_route=\/wp\/v2\/posts\/22237","targetHints":{"allow":["GET"]}}],"collection":[{"href":"https:\/\/boletinsonora.com.mx\/index.php?rest_route=\/wp\/v2\/posts"}],"about":[{"href":"https:\/\/boletinsonora.com.mx\/index.php?rest_route=\/wp\/v2\/types\/post"}],"author":[{"embeddable":true,"href":"https:\/\/boletinsonora.com.mx\/index.php?rest_route=\/wp\/v2\/users\/13"}],"replies":[{"embeddable":true,"href":"https:\/\/boletinsonora.com.mx\/index.php?rest_route=%2Fwp%2Fv2%2Fcomments&post=22237"}],"version-history":[{"count":1,"href":"https:\/\/boletinsonora.com.mx\/index.php?rest_route=\/wp\/v2\/posts\/22237\/revisions"}],"predecessor-version":[{"id":22239,"href":"https:\/\/boletinsonora.com.mx\/index.php?rest_route=\/wp\/v2\/posts\/22237\/revisions\/22239"}],"wp:featuredmedia":[{"embeddable":true,"href":"https:\/\/boletinsonora.com.mx\/index.php?rest_route=\/wp\/v2\/media\/22238"}],"wp:attachment":[{"href":"https:\/\/boletinsonora.com.mx\/index.php?rest_route=%2Fwp%2Fv2%2Fmedia&parent=22237"}],"wp:term":[{"taxonomy":"category","embeddable":true,"href":"https:\/\/boletinsonora.com.mx\/index.php?rest_route=%2Fwp%2Fv2%2Fcategories&post=22237"},{"taxonomy":"post_tag","embeddable":true,"href":"https:\/\/boletinsonora.com.mx\/index.php?rest_route=%2Fwp%2Fv2%2Ftags&post=22237"}],"curies":[{"name":"wp","href":"https:\/\/api.w.org\/{rel}","templated":true}]}}