{"id":22240,"date":"2026-02-26T19:54:38","date_gmt":"2026-02-26T19:54:38","guid":{"rendered":"https:\/\/boletinsonora.com.mx\/?p=22240"},"modified":"2026-03-01T19:56:04","modified_gmt":"2026-03-01T19:56:04","slug":"eu-acusa-de-narcoterrorismo-a-los-hermanos-arzate-garcia","status":"publish","type":"post","link":"https:\/\/boletinsonora.com.mx\/?p=22240","title":{"rendered":"EU acusa de narcoterrorismo a los hermanos Arzate Garc\u00eda"},"content":{"rendered":"\n<p>El gobierno de&nbsp;<strong>Estados Unidos<\/strong>&nbsp;present\u00f3 una&nbsp;<strong>acusaci\u00f3n ampliada<\/strong>&nbsp;contra los hermanos&nbsp;<strong>Jorge Arzate Garc\u00eda<\/strong>&nbsp;y&nbsp;<strong>Jos\u00e9 Arzate Garc\u00eda<\/strong>, tras investigaciones que se\u00f1alan su presunta participaci\u00f3n en actividades relacionadas con el&nbsp;<strong>crimen organizado<\/strong>, informaron autoridades judiciales estadounidenses. La nueva acusaci\u00f3n incluye cargos adicionales que podr\u00edan fortalecer el caso en su contra.<\/p>\n\n\n\n<p>La presentaci\u00f3n de cargos se realiz\u00f3 ante una corte federal en Estados Unidos, donde fiscales detallaron los delitos que se imputan a los hermanos, relacionados con redes de tr\u00e1fico il\u00edcito. Los documentos judiciales describen la presunta participaci\u00f3n de los acusados en actividades que involucran transporte y distribuci\u00f3n de sustancias prohibidas.<\/p>\n\n\n\n<h2 class=\"wp-block-heading\">Detalles de la acusaci\u00f3n contra los Arzate Garc\u00eda<\/h2>\n\n\n\n<p>De acuerdo con la informaci\u00f3n difundida, la acusaci\u00f3n ampliada incluye cargos por&nbsp;<strong>conspiraci\u00f3n para distribuir drogas<\/strong>&nbsp;y otros delitos federales, que la Fiscal\u00eda estadounidense considera que sostienen la participaci\u00f3n de los hermanos en la operaci\u00f3n de una red de narcotr\u00e1fico que cruza fronteras.<\/p>\n\n\n\n<p>Las autoridades se\u00f1alaron en audiencia que la ampliaci\u00f3n de los cargos surge tras el an\u00e1lisis de pruebas recopiladas durante investigaciones conjuntas entre agencias de seguridad de Estados Unidos y colaboradores internacionales. Los cargos adicionales pretenden reforzar la posibilidad de una sentencia m\u00e1s severa en caso de una eventual condena.<\/p>\n\n\n\n<h2 class=\"wp-block-heading\">Desarrollo del proceso legal<\/h2>\n\n\n\n<p>La nueva acusaci\u00f3n fue presentada ante un juez federal, quien determinar\u00e1 los siguientes pasos procesales. La Fiscal\u00eda solicit\u00f3 que los imputados sean puestos bajo custodia y se definan fechas para audiencias preliminares, dentro del proceso penal que enfrentan en territorio estadounidense.<\/p>\n\n\n\n<p>La defensa de los hermanos a\u00fan no ha presentado una postura p\u00fablica respecto a los cargos adicionales, por lo que se espera que en pr\u00f3ximas audiencias se conozca su respuesta formal ante las acusaciones.<\/p>\n\n\n\n<h2 class=\"wp-block-heading\">Acusaci\u00f3n ampliada<\/h2>\n\n\n\n<p>Se produce en el marco de esfuerzos de Estados Unidos para desarticular redes de crimen organizado que operan tanto dentro como fuera del pa\u00eds. Las investigaciones han sido coordinadas entre agencias de seguridad, con apoyo de autoridades de otros pa\u00edses, lo que refleja la complejidad y alcance de los delitos que se imputan.<\/p>\n","protected":false},"excerpt":{"rendered":"<p>El gobierno de&nbsp;Estados Unidos&nbsp;present\u00f3 una&nbsp;acusaci\u00f3n ampliada&nbsp;contra los hermanos&nbsp;Jorge Arzate Garc\u00eda&nbsp;y&nbsp;Jos\u00e9 Arzate Garc\u00eda, tras investigaciones que se\u00f1alan su presunta participaci\u00f3n en actividades relacionadas con el&nbsp;crimen organizado, informaron autoridades judiciales estadounidenses. La nueva acusaci\u00f3n incluye cargos adicionales que podr\u00edan fortalecer el caso en su contra. La presentaci\u00f3n de cargos se realiz\u00f3 ante una corte federal en Estados Unidos, donde fiscales detallaron los delitos que se imputan a los hermanos, relacionados con redes de tr\u00e1fico il\u00edcito. Los documentos judiciales describen la presunta participaci\u00f3n de los acusados en actividades que involucran transporte y distribuci\u00f3n de sustancias prohibidas. Detalles de la acusaci\u00f3n contra los Arzate&#8230;<\/p>\n","protected":false},"author":13,"featured_media":22241,"comment_status":"closed","ping_status":"closed","sticky":false,"template":"","format":"standard","meta":{"footnotes":""},"categories":[36],"tags":[4420,1133,4421],"class_list":["post-22240","post","type-post","status-publish","format-standard","has-post-thumbnail","hentry","category-internacional","tag-arzate-garcia","tag-eu","tag-narcoterrorismo"],"acf":[],"_links":{"self":[{"href":"https:\/\/boletinsonora.com.mx\/index.php?rest_route=\/wp\/v2\/posts\/22240","targetHints":{"allow":["GET"]}}],"collection":[{"href":"https:\/\/boletinsonora.com.mx\/index.php?rest_route=\/wp\/v2\/posts"}],"about":[{"href":"https:\/\/boletinsonora.com.mx\/index.php?rest_route=\/wp\/v2\/types\/post"}],"author":[{"embeddable":true,"href":"https:\/\/boletinsonora.com.mx\/index.php?rest_route=\/wp\/v2\/users\/13"}],"replies":[{"embeddable":true,"href":"https:\/\/boletinsonora.com.mx\/index.php?rest_route=%2Fwp%2Fv2%2Fcomments&post=22240"}],"version-history":[{"count":1,"href":"https:\/\/boletinsonora.com.mx\/index.php?rest_route=\/wp\/v2\/posts\/22240\/revisions"}],"predecessor-version":[{"id":22242,"href":"https:\/\/boletinsonora.com.mx\/index.php?rest_route=\/wp\/v2\/posts\/22240\/revisions\/22242"}],"wp:featuredmedia":[{"embeddable":true,"href":"https:\/\/boletinsonora.com.mx\/index.php?rest_route=\/wp\/v2\/media\/22241"}],"wp:attachment":[{"href":"https:\/\/boletinsonora.com.mx\/index.php?rest_route=%2Fwp%2Fv2%2Fmedia&parent=22240"}],"wp:term":[{"taxonomy":"category","embeddable":true,"href":"https:\/\/boletinsonora.com.mx\/index.php?rest_route=%2Fwp%2Fv2%2Fcategories&post=22240"},{"taxonomy":"post_tag","embeddable":true,"href":"https:\/\/boletinsonora.com.mx\/index.php?rest_route=%2Fwp%2Fv2%2Ftags&post=22240"}],"curies":[{"name":"wp","href":"https:\/\/api.w.org\/{rel}","templated":true}]}}