{"id":22243,"date":"2026-02-27T19:59:07","date_gmt":"2026-02-27T19:59:07","guid":{"rendered":"https:\/\/boletinsonora.com.mx\/?p=22243"},"modified":"2026-03-01T20:01:41","modified_gmt":"2026-03-01T20:01:41","slug":"moreno-acusa-a-alcalde-de-mentirosa-e-impuesta-por-amlo","status":"publish","type":"post","link":"https:\/\/boletinsonora.com.mx\/?p=22243","title":{"rendered":"Moreno acusa a Alcalde de &#8220;mentirosa&#8221; e impuesta por AMLO"},"content":{"rendered":"\n<p>El&nbsp;<strong>senador y dirigente nacional del PRI, Alejandro Moreno<\/strong>, arremeti\u00f3 contra la&nbsp;<strong>presidenta nacional de Morena<\/strong>,&nbsp;<strong>Luisa Mar\u00eda Alcalde<\/strong>, a quien calific\u00f3 como \u201cmentirosa\u201d y acus\u00f3 de haberse beneficiado de su cercan\u00eda con el&nbsp;<strong>expresidente Andr\u00e9s Manuel L\u00f3pez Obrador (<\/strong><a href=\"https:\/\/www.tvazteca.com\/aztecanoticias\/amlo-presidente\" target=\"_blank\" rel=\"noreferrer noopener\"><strong>AMLO<\/strong><\/a><strong>)<\/strong>&nbsp;para avanzar en su carrera pol\u00edtica, luego de que la dirigente morenista criticara a los partidos de oposici\u00f3n por la designaci\u00f3n de candidaturas plurinominales.<\/p>\n\n\n\n<h2 class=\"wp-block-heading\">\u00bfQu\u00e9 le dijo Alejandro Moreno a Luisa Mar\u00eda Alcalde?<\/h2>\n\n\n\n<p>El&nbsp;<strong>senador y dirigente nacional del PRI<\/strong>,&nbsp;<strong>Alejandro Moreno<\/strong>, arremeti\u00f3 contra la presidenta nacional de&nbsp;<strong>Morena<\/strong>, Luisa Mar\u00eda Alcalde, luego de que \u00e9sta criticara a los dirigentes de partidos de oposici\u00f3n por imponer candidatos en las&nbsp;<strong>listas plurinominales.<\/strong><\/p>\n\n\n\n<p>En respuesta,&nbsp;Moreno calific\u00f3 a Alcalde como \u201cmentirosa\u201d&nbsp;y la acus\u00f3 de haberse beneficiado de su cercan\u00eda con el&nbsp;<strong>expresidente Andr\u00e9s Manuel L\u00f3pez Obrador<\/strong>&nbsp;para construir y avanzar en su carrera pol\u00edtica.<\/p>\n\n\n\n<p>A trav\u00e9s de un mensaje en&nbsp;<a href=\"https:\/\/www.tvazteca.com\/aztecanoticias\/redes-sociales-tendencias\" target=\"_blank\" rel=\"noreferrer noopener\"><strong>redes sociales<\/strong><\/a>, el l\u00edder priista escribi\u00f3:&nbsp;<em>\u201cTe equivocas, esta es una m\u00e1s de tus mentiras\u201d.<\/em><\/p>\n\n\n\n<p>El dirigente del&nbsp;<a href=\"https:\/\/www.tvazteca.com\/aztecanoticias\/pri-ultimas-noticias-partido-revolucionario-institucional-fia\" target=\"_blank\" rel=\"noreferrer noopener\"><strong>PRI<\/strong>&nbsp;<\/a>asegur\u00f3 que, a diferencia de \u00e9l, Luisa Mar\u00eda Alcalde&nbsp;<em>\u201cnunca ha estado en una boleta\u201d<\/em>&nbsp;ni ha hecho campa\u00f1a pol\u00edtica, y sostuvo que su trayectoria incluye cargos como s\u00edndico, senador, gobernador y dirigente nacional del partido. Tambi\u00e9n le record\u00f3 que fue diputada plurinominal por Movimiento Ciudadano.<\/p>\n\n\n\n<h2 class=\"wp-block-heading\">Alejandro dice que Morena atraviesa por una crisis<\/h2>\n\n\n\n<p>En su mensaje emitido por sus redes sociales,&nbsp;<strong>Alejandro Moreno afirm\u00f3 que&nbsp;<\/strong><a href=\"https:\/\/www.tvazteca.com\/aztecanoticias\/morena-partido-politico-mexico\" target=\"_blank\" rel=\"noreferrer noopener\"><strong>Morena&nbsp;<\/strong><\/a><strong>atraviesa una crisis<\/strong>&nbsp;y acus\u00f3 al partido de complicidad con el crimen organizado, se\u00f1alando que el pa\u00eds enfrenta inseguridad y falta de rumbo.<\/p>\n\n\n\n<p><em>&#8220;Est\u00e1s desesperada porque el pa\u00eds arde por culpa de la ineptitud criminal de MORENA. Tu partido se derrumba entre tanta complicidad con el crimen organizado&#8221;<\/em>, mencion\u00f3 Alejandro Moreno, senador y dirigente nacional del PRI.<\/p>\n\n\n\n<p>Finalmente, sostuvo que M\u00e9xico est\u00e1 cansado de lo que llam\u00f3&nbsp;<em>\u201cnarcopol\u00edticos\u201d<\/em>&nbsp;y reiter\u00f3 sus cr\u00edticas contra la dirigencia morenista.<\/p>\n","protected":false},"excerpt":{"rendered":"<p>El&nbsp;senador y dirigente nacional del PRI, Alejandro Moreno, arremeti\u00f3 contra la&nbsp;presidenta nacional de Morena,&nbsp;Luisa Mar\u00eda Alcalde, a quien calific\u00f3 como \u201cmentirosa\u201d y acus\u00f3 de haberse beneficiado de su cercan\u00eda con el&nbsp;expresidente Andr\u00e9s Manuel L\u00f3pez Obrador (AMLO)&nbsp;para avanzar en su carrera pol\u00edtica, luego de que la dirigente morenista criticara a los partidos de oposici\u00f3n por la designaci\u00f3n de candidaturas plurinominales. \u00bfQu\u00e9 le dijo Alejandro Moreno a Luisa Mar\u00eda Alcalde? El&nbsp;senador y dirigente nacional del PRI,&nbsp;Alejandro Moreno, arremeti\u00f3 contra la presidenta nacional de&nbsp;Morena, Luisa Mar\u00eda Alcalde, luego de que \u00e9sta criticara a los dirigentes de partidos de oposici\u00f3n por imponer candidatos en&#8230;<\/p>\n","protected":false},"author":13,"featured_media":22244,"comment_status":"closed","ping_status":"closed","sticky":false,"template":"","format":"standard","meta":{"footnotes":""},"categories":[37],"tags":[1775,512,4422],"class_list":["post-22243","post","type-post","status-publish","format-standard","has-post-thumbnail","hentry","category-politica","tag-acusaciones","tag-alito-moreno","tag-luisa-maria-alcalde"],"acf":[],"_links":{"self":[{"href":"https:\/\/boletinsonora.com.mx\/index.php?rest_route=\/wp\/v2\/posts\/22243","targetHints":{"allow":["GET"]}}],"collection":[{"href":"https:\/\/boletinsonora.com.mx\/index.php?rest_route=\/wp\/v2\/posts"}],"about":[{"href":"https:\/\/boletinsonora.com.mx\/index.php?rest_route=\/wp\/v2\/types\/post"}],"author":[{"embeddable":true,"href":"https:\/\/boletinsonora.com.mx\/index.php?rest_route=\/wp\/v2\/users\/13"}],"replies":[{"embeddable":true,"href":"https:\/\/boletinsonora.com.mx\/index.php?rest_route=%2Fwp%2Fv2%2Fcomments&post=22243"}],"version-history":[{"count":1,"href":"https:\/\/boletinsonora.com.mx\/index.php?rest_route=\/wp\/v2\/posts\/22243\/revisions"}],"predecessor-version":[{"id":22245,"href":"https:\/\/boletinsonora.com.mx\/index.php?rest_route=\/wp\/v2\/posts\/22243\/revisions\/22245"}],"wp:featuredmedia":[{"embeddable":true,"href":"https:\/\/boletinsonora.com.mx\/index.php?rest_route=\/wp\/v2\/media\/22244"}],"wp:attachment":[{"href":"https:\/\/boletinsonora.com.mx\/index.php?rest_route=%2Fwp%2Fv2%2Fmedia&parent=22243"}],"wp:term":[{"taxonomy":"category","embeddable":true,"href":"https:\/\/boletinsonora.com.mx\/index.php?rest_route=%2Fwp%2Fv2%2Fcategories&post=22243"},{"taxonomy":"post_tag","embeddable":true,"href":"https:\/\/boletinsonora.com.mx\/index.php?rest_route=%2Fwp%2Fv2%2Ftags&post=22243"}],"curies":[{"name":"wp","href":"https:\/\/api.w.org\/{rel}","templated":true}]}}