{"id":22246,"date":"2026-02-28T20:02:45","date_gmt":"2026-02-28T20:02:45","guid":{"rendered":"https:\/\/boletinsonora.com.mx\/?p=22246"},"modified":"2026-03-01T20:05:19","modified_gmt":"2026-03-01T20:05:19","slug":"mc-apuesta-por-colosio-riojas-para-la-gubernatura-de-sonora-en-2027","status":"publish","type":"post","link":"https:\/\/boletinsonora.com.mx\/?p=22246","title":{"rendered":"MC apuesta por Colosio Riojas para la gubernatura de Sonora en 2027"},"content":{"rendered":"\n<p>En el marco de la instalaci\u00f3n de la Coordinaci\u00f3n Municipal de Movimiento Ciudadano en Hermosillo, el dirigente nacional del partido, Jorge \u00c1lvarez M\u00e1ynez, \u201cdestap\u00f3\u201d a Colosio Riojas como candidato para la gubernatura de Sonora, generando reacciones en seguidores y militantes.&nbsp;<\/p>\n\n\n\n<h2 class=\"wp-block-heading\">Respaldo partidista y destape oficial<\/h2>\n\n\n\n<p>\u00c1lvarez M\u00e1ynez afirm\u00f3 que el arribo de Colosio Riojas al escenario estatal marca un momento de \u201ctiempos mejores para Sonora y M\u00e9xico\u201d, destacando que el senador cuenta con un perfil \u201cextraordinario\u201d, joven, preparado y con amor por su tierra. Seg\u00fan el dirigente, el partido respaldar\u00e1 la decisi\u00f3n que tome Colosio en torno a su postulaci\u00f3n.&nbsp;<\/p>\n\n\n\n<p>En el acto, el dirigente expres\u00f3 que tanto el partido como la dirigencia nacional apoyar\u00e1n cualquier camino que el legislador decida emprender, subrayando la confianza en su capacidad para competir por la gubernatura.&nbsp;<\/p>\n\n\n\n<h2 class=\"wp-block-heading\">Colosio reafirma su v\u00ednculo con Sonora<\/h2>\n\n\n\n<p>Colosio Riojas, originario de Sonora y actualmente senador de la Rep\u00fablica, asegur\u00f3 que su \u201ccoraz\u00f3n est\u00e1 en Sonora\u201d, destacando que en esa entidad reside su familia y que su experiencia y trabajo pol\u00edtico estar\u00e1n orientados a contribuir al desarrollo de su estado natal. El senador enfatiz\u00f3 que dedicar\u00e1 todo su esfuerzo y trabajo para representar con orgullo al estado desde el cargo que eventualmente pueda obtener.&nbsp;<\/p>\n\n\n\n<p>Aunque la decisi\u00f3n formal sobre la candidatura a\u00fan se define al interior del partido, el respaldo expl\u00edcito de Movimiento Ciudadano consolida a Colosio Riojas como una figura relevante rumbo al proceso electoral de 2027.&nbsp;<\/p>\n","protected":false},"excerpt":{"rendered":"<p>En el marco de la instalaci\u00f3n de la Coordinaci\u00f3n Municipal de Movimiento Ciudadano en Hermosillo, el dirigente nacional del partido, Jorge \u00c1lvarez M\u00e1ynez, \u201cdestap\u00f3\u201d a Colosio Riojas como candidato para la gubernatura de Sonora, generando reacciones en seguidores y militantes.&nbsp; Respaldo partidista y destape oficial \u00c1lvarez M\u00e1ynez afirm\u00f3 que el arribo de Colosio Riojas al escenario estatal marca un momento de \u201ctiempos mejores para Sonora y M\u00e9xico\u201d, destacando que el senador cuenta con un perfil \u201cextraordinario\u201d, joven, preparado y con amor por su tierra. Seg\u00fan el dirigente, el partido respaldar\u00e1 la decisi\u00f3n que tome Colosio en torno a su postulaci\u00f3n.&nbsp;&#8230;<\/p>\n","protected":false},"author":13,"featured_media":22247,"comment_status":"closed","ping_status":"closed","sticky":false,"template":"","format":"standard","meta":{"footnotes":""},"categories":[37],"tags":[4424,4423,342],"class_list":["post-22246","post","type-post","status-publish","format-standard","has-post-thumbnail","hentry","category-politica","tag-colosio-riojas","tag-gobernatura-de-sonora","tag-movimiento-ciudadano"],"acf":[],"_links":{"self":[{"href":"https:\/\/boletinsonora.com.mx\/index.php?rest_route=\/wp\/v2\/posts\/22246","targetHints":{"allow":["GET"]}}],"collection":[{"href":"https:\/\/boletinsonora.com.mx\/index.php?rest_route=\/wp\/v2\/posts"}],"about":[{"href":"https:\/\/boletinsonora.com.mx\/index.php?rest_route=\/wp\/v2\/types\/post"}],"author":[{"embeddable":true,"href":"https:\/\/boletinsonora.com.mx\/index.php?rest_route=\/wp\/v2\/users\/13"}],"replies":[{"embeddable":true,"href":"https:\/\/boletinsonora.com.mx\/index.php?rest_route=%2Fwp%2Fv2%2Fcomments&post=22246"}],"version-history":[{"count":1,"href":"https:\/\/boletinsonora.com.mx\/index.php?rest_route=\/wp\/v2\/posts\/22246\/revisions"}],"predecessor-version":[{"id":22248,"href":"https:\/\/boletinsonora.com.mx\/index.php?rest_route=\/wp\/v2\/posts\/22246\/revisions\/22248"}],"wp:featuredmedia":[{"embeddable":true,"href":"https:\/\/boletinsonora.com.mx\/index.php?rest_route=\/wp\/v2\/media\/22247"}],"wp:attachment":[{"href":"https:\/\/boletinsonora.com.mx\/index.php?rest_route=%2Fwp%2Fv2%2Fmedia&parent=22246"}],"wp:term":[{"taxonomy":"category","embeddable":true,"href":"https:\/\/boletinsonora.com.mx\/index.php?rest_route=%2Fwp%2Fv2%2Fcategories&post=22246"},{"taxonomy":"post_tag","embeddable":true,"href":"https:\/\/boletinsonora.com.mx\/index.php?rest_route=%2Fwp%2Fv2%2Ftags&post=22246"}],"curies":[{"name":"wp","href":"https:\/\/api.w.org\/{rel}","templated":true}]}}