{"id":22251,"date":"2026-02-27T20:15:56","date_gmt":"2026-02-27T20:15:56","guid":{"rendered":"https:\/\/boletinsonora.com.mx\/?p=22251"},"modified":"2026-03-01T20:17:33","modified_gmt":"2026-03-01T20:17:33","slug":"von-der-leyen-anuncia-aplicacion-provisional-del-acuerdo-ue-mercosur-tras-ratificaciones","status":"publish","type":"post","link":"https:\/\/boletinsonora.com.mx\/?p=22251","title":{"rendered":"Von der Leyen anuncia aplicaci\u00f3n provisional del acuerdo UE-Mercosur tras ratificaciones"},"content":{"rendered":"\n<p>La Uni\u00f3n Europea (UE) comenzar\u00e1 a aplicar&nbsp;<strong>de manera provisional su hist\u00f3rico acuerdo comercial<\/strong>&nbsp;con el bloque sudamericano Mercosur, pese a no contar a\u00fan con el aval del Parlamento Europeo.&nbsp;<\/p>\n\n\n\n<p>As\u00ed lo anunci\u00f3 este viernes la presidenta de la Comisi\u00f3n Europea, Ursula von der Leyen, en una decisi\u00f3n que marca un giro pol\u00edtico relevante en Bruselas.<\/p>\n\n\n\n<blockquote class=\"wp-block-quote is-layout-flow wp-block-quote-is-layout-flow\">\n<p><em>\u201cCuando ellos est\u00e9n listos, nosotros estamos listos\u201d,&nbsp;<\/em>declar\u00f3 Von der Leyen, tras confirmar que, con el respaldo de los l\u00edderes europeos, la Comisi\u00f3n \u201caplicar\u00e1 provisionalmente el acuerdo\u201d luego de que Uruguay y Argentina ratificaran el jueves el pacto comercial entre ambos bloques.<\/p>\n<\/blockquote>\n\n\n\n<h2 class=\"wp-block-heading\">Acuerdo Uni\u00f3n Europea-Mercosur<\/h2>\n\n\n\n<p>El acuerdo entre la UE y el Mercosur \u2014integrado por varias econom\u00edas sudamericanas\u2014 ha sido negociado durante 25 a\u00f1os. En conjunto, las partes suman m\u00e1s de 700 millones de habitantes y representan cerca de una cuarta parte del producto interno bruto mundial, lo que convertir\u00eda esta alianza en una de las mayores zonas de libre comercio del planeta.<a href=\"https:\/\/images.sipse.com\/pltTH74a2s64OLufvAFSiYNmdaM=\/fit-in\/900x500\/2026\/02\/27\/1772199167649.png\"><\/a><\/p>\n\n\n\n<p>La decisi\u00f3n se produce en un contexto de tensiones comerciales globales, marcado por los&nbsp;<strong>aranceles estadounidenses<\/strong>&nbsp;y las restricciones en el suministro de minerales cr\u00edticos hacia China. Este escenario ha impulsado a la UE, compuesta por 27 pa\u00edses, a acelerar acuerdos estrat\u00e9gicos para&nbsp;<strong>reforzar su resiliencia econ\u00f3mica y diversificar mercados.<\/strong><\/p>\n\n\n\n<p>Sin embargo, el pacto no est\u00e1 exento de controversia. El sector agr\u00edcola europeo mantiene una firme oposici\u00f3n, al advertir sobre el posible&nbsp;<strong>impacto en la competitividad y los est\u00e1ndares de producci\u00f3n.<\/strong>&nbsp;Adem\u00e1s, se anticipa que el acuerdo ser\u00e1 sometido a un intenso escrutinio por parte de los eurodiputados.<\/p>\n\n\n\n<h2 class=\"wp-block-heading\">Sin preguntas&nbsp;<\/h2>\n\n\n\n<p>Von der Leyen opt\u00f3 por no abrir la conferencia a preguntas, en un movimiento poco habitual para el Ejecutivo comunitario y que&nbsp;<strong>podr\u00eda generar cr\u00edticas dentro del propio Parlamento Europeo.<\/strong>&nbsp;Aun as\u00ed, defendi\u00f3 la decisi\u00f3n al asegurar que \u201cMercosur encarna el esp\u00edritu con el que Europa est\u00e1 actuando en la escena global\u201d.<\/p>\n\n\n\n<blockquote class=\"wp-block-quote is-layout-flow wp-block-quote-is-layout-flow\">\n<p><em>\u201cNuestras empresas, nuestros trabajadores y nuestros ciudadanos cosechar\u00e1n los beneficios, y deber\u00edan cosecharlos lo antes posible\u201d, subray\u00f3. \u201cEsto tiene que ver con la resiliencia, tiene que ver con el crecimiento y con que Europa d\u00e9 forma a su propio futuro\u201d.<\/em><\/p>\n<\/blockquote>\n\n\n\n<p>La presidenta de la Comisi\u00f3n reconoci\u00f3 que el acuerdo solo podr\u00e1 concluirse plenamente una vez que el<strong>&nbsp;Parlamento Europeo otorgue su consentimiento formal.&nbsp;<\/strong>Mientras tanto, asegur\u00f3 que la Comisi\u00f3n continuar\u00e1 trabajando con las instituciones comunitarias, los Estados miembros y las partes interesadas para garantizar un proceso \u201cfluido y transparente\u201d.<\/p>\n","protected":false},"excerpt":{"rendered":"<p>La Uni\u00f3n Europea (UE) comenzar\u00e1 a aplicar&nbsp;de manera provisional su hist\u00f3rico acuerdo comercial&nbsp;con el bloque sudamericano Mercosur, pese a no contar a\u00fan con el aval del Parlamento Europeo.&nbsp; As\u00ed lo anunci\u00f3 este viernes la presidenta de la Comisi\u00f3n Europea, Ursula von der Leyen, en una decisi\u00f3n que marca un giro pol\u00edtico relevante en Bruselas. \u201cCuando ellos est\u00e9n listos, nosotros estamos listos\u201d,&nbsp;declar\u00f3 Von der Leyen, tras confirmar que, con el respaldo de los l\u00edderes europeos, la Comisi\u00f3n \u201caplicar\u00e1 provisionalmente el acuerdo\u201d luego de que Uruguay y Argentina ratificaran el jueves el pacto comercial entre ambos bloques. Acuerdo Uni\u00f3n Europea-Mercosur El acuerdo&#8230;<\/p>\n","protected":false},"author":13,"featured_media":22252,"comment_status":"closed","ping_status":"closed","sticky":false,"template":"","format":"standard","meta":{"footnotes":""},"categories":[36],"tags":[2038,1485,3768],"class_list":["post-22251","post","type-post","status-publish","format-standard","has-post-thumbnail","hentry","category-internacional","tag-acuerdo","tag-mercosur","tag-von-der-leyen"],"acf":[],"_links":{"self":[{"href":"https:\/\/boletinsonora.com.mx\/index.php?rest_route=\/wp\/v2\/posts\/22251","targetHints":{"allow":["GET"]}}],"collection":[{"href":"https:\/\/boletinsonora.com.mx\/index.php?rest_route=\/wp\/v2\/posts"}],"about":[{"href":"https:\/\/boletinsonora.com.mx\/index.php?rest_route=\/wp\/v2\/types\/post"}],"author":[{"embeddable":true,"href":"https:\/\/boletinsonora.com.mx\/index.php?rest_route=\/wp\/v2\/users\/13"}],"replies":[{"embeddable":true,"href":"https:\/\/boletinsonora.com.mx\/index.php?rest_route=%2Fwp%2Fv2%2Fcomments&post=22251"}],"version-history":[{"count":1,"href":"https:\/\/boletinsonora.com.mx\/index.php?rest_route=\/wp\/v2\/posts\/22251\/revisions"}],"predecessor-version":[{"id":22253,"href":"https:\/\/boletinsonora.com.mx\/index.php?rest_route=\/wp\/v2\/posts\/22251\/revisions\/22253"}],"wp:featuredmedia":[{"embeddable":true,"href":"https:\/\/boletinsonora.com.mx\/index.php?rest_route=\/wp\/v2\/media\/22252"}],"wp:attachment":[{"href":"https:\/\/boletinsonora.com.mx\/index.php?rest_route=%2Fwp%2Fv2%2Fmedia&parent=22251"}],"wp:term":[{"taxonomy":"category","embeddable":true,"href":"https:\/\/boletinsonora.com.mx\/index.php?rest_route=%2Fwp%2Fv2%2Fcategories&post=22251"},{"taxonomy":"post_tag","embeddable":true,"href":"https:\/\/boletinsonora.com.mx\/index.php?rest_route=%2Fwp%2Fv2%2Ftags&post=22251"}],"curies":[{"name":"wp","href":"https:\/\/api.w.org\/{rel}","templated":true}]}}