{"id":22272,"date":"2026-03-01T18:54:12","date_gmt":"2026-03-01T18:54:12","guid":{"rendered":"https:\/\/boletinsonora.com.mx\/?p=22272"},"modified":"2026-03-03T18:55:38","modified_gmt":"2026-03-03T18:55:38","slug":"trump-acuerda-negociar-con-nuevo-liderazgo-de-iran-mientras-continuan-los-bombardeos","status":"publish","type":"post","link":"https:\/\/boletinsonora.com.mx\/?p=22272","title":{"rendered":"Trump acuerda negociar con nuevo liderazgo de Ir\u00e1n mientras contin\u00faan los bombardeos"},"content":{"rendered":"\n<p>El presidente de Estados Unidos,&nbsp;<strong>Donald Trump<\/strong>, asegur\u00f3 que acept\u00f3 la petici\u00f3n de di\u00e1logo formulada por los nuevos l\u00edderes de&nbsp;<strong>Ir\u00e1n<\/strong>, en medio de la creciente tensi\u00f3n bilateral tras los recientes bombardeos y la muerte del ayatol\u00e1 Al\u00ed Jamenei.<\/p>\n\n\n\n<p>En una entrevista concedida a la revista The Atlantic desde su residencia en Florida, el mandatario afirm\u00f3: \u201cQuieren hablar y yo he aceptado, as\u00ed que hablar\u00e9 con ellos. Deber\u00edan haberlo hecho antes\u201d. Sin embargo, no precis\u00f3 con qui\u00e9n sostendr\u00eda las conversaciones ni la fecha exacta del posible encuentro.<\/p>\n\n\n\n<h2 class=\"wp-block-heading\">Nuevo liderazgo temporal en Ir\u00e1n<\/h2>\n\n\n\n<p>El presidente iran\u00ed,&nbsp;<strong>Masoud Pezeshkian<\/strong>, inform\u00f3 que un consejo de liderazgo asumi\u00f3 de manera provisional las funciones del l\u00edder supremo tras la muerte de&nbsp;<strong>Al\u00ed Jamenei<\/strong>. Este \u00f3rgano est\u00e1 integrado por el propio Pezeshkian, el jefe del poder judicial y un miembro del Consejo de Guardianes.<\/p>\n\n\n\n<p>La apertura al di\u00e1logo ocurre ante la alta inestabilidad pol\u00edtica y militar, luego de una ofensiva que, seg\u00fan Trump, represent\u00f3 \u201cun gran golpe\u201d para la estructura de poder iran\u00ed.<\/p>\n\n\n\n<h2 class=\"wp-block-heading\">&#8216;Podr\u00edan haber llegado a un acuerdo antes&#8217;<\/h2>\n\n\n\n<p>Durante la conversaci\u00f3n con el periodista Michael Scherer, Trump sostuvo que varios de los interlocutores iran\u00edes con quienes Washington manten\u00eda contactos previos \u201cya no est\u00e1n vivos\u201d.<\/p>\n\n\n\n<p><em>\u201cLa mayor\u00eda de esas personas ya no est\u00e1n. Algunas de las personas con las que trat\u00e1bamos ya no est\u00e1n, porque fue un gran golpe\u201d, declar\u00f3 el mandatario. Asimismo, insisti\u00f3 en que Teher\u00e1n \u201cdeber\u00eda haber llegado a un acuerdo antes\u201d,&nbsp;<\/em>indic\u00f3<em>.<\/em><\/p>\n","protected":false},"excerpt":{"rendered":"<p>El presidente de Estados Unidos,&nbsp;Donald Trump, asegur\u00f3 que acept\u00f3 la petici\u00f3n de di\u00e1logo formulada por los nuevos l\u00edderes de&nbsp;Ir\u00e1n, en medio de la creciente tensi\u00f3n bilateral tras los recientes bombardeos y la muerte del ayatol\u00e1 Al\u00ed Jamenei. En una entrevista concedida a la revista The Atlantic desde su residencia en Florida, el mandatario afirm\u00f3: \u201cQuieren hablar y yo he aceptado, as\u00ed que hablar\u00e9 con ellos. Deber\u00edan haberlo hecho antes\u201d. Sin embargo, no precis\u00f3 con qui\u00e9n sostendr\u00eda las conversaciones ni la fecha exacta del posible encuentro. Nuevo liderazgo temporal en Ir\u00e1n El presidente iran\u00ed,&nbsp;Masoud Pezeshkian, inform\u00f3 que un consejo de liderazgo&#8230;<\/p>\n","protected":false},"author":13,"featured_media":22273,"comment_status":"closed","ping_status":"closed","sticky":false,"template":"","format":"standard","meta":{"footnotes":""},"categories":[36],"tags":[539,845,1132],"class_list":["post-22272","post","type-post","status-publish","format-standard","has-post-thumbnail","hentry","category-internacional","tag-dialogo","tag-donald-trump","tag-iran"],"acf":[],"_links":{"self":[{"href":"https:\/\/boletinsonora.com.mx\/index.php?rest_route=\/wp\/v2\/posts\/22272","targetHints":{"allow":["GET"]}}],"collection":[{"href":"https:\/\/boletinsonora.com.mx\/index.php?rest_route=\/wp\/v2\/posts"}],"about":[{"href":"https:\/\/boletinsonora.com.mx\/index.php?rest_route=\/wp\/v2\/types\/post"}],"author":[{"embeddable":true,"href":"https:\/\/boletinsonora.com.mx\/index.php?rest_route=\/wp\/v2\/users\/13"}],"replies":[{"embeddable":true,"href":"https:\/\/boletinsonora.com.mx\/index.php?rest_route=%2Fwp%2Fv2%2Fcomments&post=22272"}],"version-history":[{"count":1,"href":"https:\/\/boletinsonora.com.mx\/index.php?rest_route=\/wp\/v2\/posts\/22272\/revisions"}],"predecessor-version":[{"id":22274,"href":"https:\/\/boletinsonora.com.mx\/index.php?rest_route=\/wp\/v2\/posts\/22272\/revisions\/22274"}],"wp:featuredmedia":[{"embeddable":true,"href":"https:\/\/boletinsonora.com.mx\/index.php?rest_route=\/wp\/v2\/media\/22273"}],"wp:attachment":[{"href":"https:\/\/boletinsonora.com.mx\/index.php?rest_route=%2Fwp%2Fv2%2Fmedia&parent=22272"}],"wp:term":[{"taxonomy":"category","embeddable":true,"href":"https:\/\/boletinsonora.com.mx\/index.php?rest_route=%2Fwp%2Fv2%2Fcategories&post=22272"},{"taxonomy":"post_tag","embeddable":true,"href":"https:\/\/boletinsonora.com.mx\/index.php?rest_route=%2Fwp%2Fv2%2Ftags&post=22272"}],"curies":[{"name":"wp","href":"https:\/\/api.w.org\/{rel}","templated":true}]}}