{"id":22538,"date":"2026-03-30T02:10:20","date_gmt":"2026-03-30T02:10:20","guid":{"rendered":"https:\/\/boletinsonora.com.mx\/?p=22538"},"modified":"2026-04-30T02:26:14","modified_gmt":"2026-04-30T02:26:14","slug":"sheinbaum-ratifica-castigo-a-mujer-por-tomar-el-sol-en-palacio-nacional","status":"publish","type":"post","link":"https:\/\/boletinsonora.com.mx\/?p=22538","title":{"rendered":"Sheinbaum ratifica castigo a mujer por tomar el sol en Palacio Nacional"},"content":{"rendered":"\n<p>Este lunes, la presidenta Claudia Sheinbaum confirm\u00f3 la controversia que ubicaba a una&nbsp;<strong>mujer tomando el sol en un balc\u00f3n de Palacio Nacional<\/strong>, recalcanco que&nbsp;<strong><a href=\"https:\/\/sipse.com\/mexico\/exhiben-a-infodemia-video-de-mujer-tomando-el-sol-en-palacio-nacional-no-es-ia-506178.html\" target=\"_blank\" rel=\"noreferrer noopener\">el hecho s\u00ed ocurri\u00f3<\/a><\/strong>, que la persona fue identificada y que recibi\u00f3 una sanci\u00f3n interna.<\/p>\n\n\n\n<h2 class=\"wp-block-heading\">El respeto lo es todo<\/h2>\n\n\n\n<p>Durante su conferencia matutina de hoy, la mandataria abord\u00f3 el tema luego de varios d\u00edas de especulaci\u00f3n en redes sociales especificando que, m\u00e1s all\u00e1 de reglas formales, el punto central es el&nbsp;<strong>respeto al valor hist\u00f3rico del recinto.<\/strong><\/p>\n\n\n\n<blockquote class=\"wp-block-quote is-layout-flow wp-block-quote-is-layout-flow\">\n<p><em>\u201cHay que tener mucho respeto por lo que significa el Palacio Nacional como patrimonio hist\u00f3rico, evidentemente\u201d, aclar\u00f3.<\/em><\/p>\n<\/blockquote>\n\n\n\n<h2 class=\"wp-block-heading\">De la negaci\u00f3n a la confirmaci\u00f3n<\/h2>\n\n\n\n<p>Sheinbaum explic\u00f3 que, en un primer momento, las \u00e1reas responsables negaron el incidente. Sin embargo, tras una revisi\u00f3n m\u00e1s detallada, se confirm\u00f3 que una persona s\u00ed utiliz\u00f3 el balc\u00f3n para tomar el sol.<\/p>\n\n\n\n<blockquote class=\"wp-block-quote is-layout-flow wp-block-quote-is-layout-flow\">\n<p><em>\u201cAl principio, el \u00e1rea correspondiente pidi\u00f3 informaci\u00f3n al \u00e1rea en donde est\u00e1 esta ventana e informaron que nunca nadie hab\u00eda salido a tomar el sol. Despu\u00e9s revisaron y resulta que s\u00ed hab\u00eda habido una persona que se hab\u00eda sentado en la ventana ese d\u00eda\u201d, se\u00f1al\u00f3.<\/em><\/p>\n<\/blockquote>\n\n\n\n<p>La presidenta precis\u00f3 que la mujer responsable de esta pol\u00e9mica ya fue notificada y sancionada, con un llamado directo a evitar este tipo de conductas dentro del inmueble capitalino.<\/p>\n\n\n\n<h2 class=\"wp-block-heading\">No est\u00e1 prohibido tomar el sol en el recinto hist\u00f3rico<\/h2>\n\n\n\n<p>Aunque el caso gener\u00f3 debate p\u00fablico, Sheinbaum puntualiz\u00f3 que no existe un reglamento espec\u00edfico dentro de Palacio Nacional que proh\u00edba a la gente tomar el sol en sus ventanas. No obstante, insisti\u00f3 en que el contexto del lugar obliga a actuar con prudencia.<\/p>\n\n\n\n<p>\u201cNo est\u00e1 prohibido, no hay un reglamento en Palacio Nacional donde se diga: \u2018No puede salir a tomar el sol en la ventana\u2019. Claro, hay que tener respeto por Palacio Nacional y todo lo que representa, \u00bfverdad?\u201d.<\/p>\n","protected":false},"excerpt":{"rendered":"<p>Este lunes, la presidenta Claudia Sheinbaum confirm\u00f3 la controversia que ubicaba a una&nbsp;mujer tomando el sol en un balc\u00f3n de Palacio Nacional, recalcanco que&nbsp;el hecho s\u00ed ocurri\u00f3, que la persona fue identificada y que recibi\u00f3 una sanci\u00f3n interna. El respeto lo es todo Durante su conferencia matutina de hoy, la mandataria abord\u00f3 el tema luego de varios d\u00edas de especulaci\u00f3n en redes sociales especificando que, m\u00e1s all\u00e1 de reglas formales, el punto central es el&nbsp;respeto al valor hist\u00f3rico del recinto. \u201cHay que tener mucho respeto por lo que significa el Palacio Nacional como patrimonio hist\u00f3rico, evidentemente\u201d, aclar\u00f3. De la negaci\u00f3n&#8230;<\/p>\n","protected":false},"author":13,"featured_media":22539,"comment_status":"closed","ping_status":"closed","sticky":false,"template":"","format":"standard","meta":{"footnotes":""},"categories":[37],"tags":[4511,4512,3764],"class_list":["post-22538","post","type-post","status-publish","format-standard","has-post-thumbnail","hentry","category-politica","tag-castigo","tag-mujer-que-tomo-el-sol","tag-palacio-nacional"],"acf":[],"_links":{"self":[{"href":"https:\/\/boletinsonora.com.mx\/index.php?rest_route=\/wp\/v2\/posts\/22538","targetHints":{"allow":["GET"]}}],"collection":[{"href":"https:\/\/boletinsonora.com.mx\/index.php?rest_route=\/wp\/v2\/posts"}],"about":[{"href":"https:\/\/boletinsonora.com.mx\/index.php?rest_route=\/wp\/v2\/types\/post"}],"author":[{"embeddable":true,"href":"https:\/\/boletinsonora.com.mx\/index.php?rest_route=\/wp\/v2\/users\/13"}],"replies":[{"embeddable":true,"href":"https:\/\/boletinsonora.com.mx\/index.php?rest_route=%2Fwp%2Fv2%2Fcomments&post=22538"}],"version-history":[{"count":1,"href":"https:\/\/boletinsonora.com.mx\/index.php?rest_route=\/wp\/v2\/posts\/22538\/revisions"}],"predecessor-version":[{"id":22540,"href":"https:\/\/boletinsonora.com.mx\/index.php?rest_route=\/wp\/v2\/posts\/22538\/revisions\/22540"}],"wp:featuredmedia":[{"embeddable":true,"href":"https:\/\/boletinsonora.com.mx\/index.php?rest_route=\/wp\/v2\/media\/22539"}],"wp:attachment":[{"href":"https:\/\/boletinsonora.com.mx\/index.php?rest_route=%2Fwp%2Fv2%2Fmedia&parent=22538"}],"wp:term":[{"taxonomy":"category","embeddable":true,"href":"https:\/\/boletinsonora.com.mx\/index.php?rest_route=%2Fwp%2Fv2%2Fcategories&post=22538"},{"taxonomy":"post_tag","embeddable":true,"href":"https:\/\/boletinsonora.com.mx\/index.php?rest_route=%2Fwp%2Fv2%2Ftags&post=22538"}],"curies":[{"name":"wp","href":"https:\/\/api.w.org\/{rel}","templated":true}]}}