{"id":22541,"date":"2026-03-31T02:27:24","date_gmt":"2026-03-31T02:27:24","guid":{"rendered":"https:\/\/boletinsonora.com.mx\/?p=22541"},"modified":"2026-04-30T02:28:52","modified_gmt":"2026-04-30T02:28:52","slug":"sheinbaum-responde-a-acusaciones-de-corrupcion-en-tabletas-para-taxis-de-la-cdmx","status":"publish","type":"post","link":"https:\/\/boletinsonora.com.mx\/?p=22541","title":{"rendered":"Sheinbaum responde a acusaciones de corrupci\u00f3n en tabletas para taxis de la CDMX"},"content":{"rendered":"\n<p>La presidenta Claudia Sheinbaum anunci\u00f3 que un tribunal internacional fall\u00f3 a favor de su gobierno en el caso de la licitaci\u00f3n de tabletas electr\u00f3nicas para taxis de la Ciudad de M\u00e9xico, un proyecto heredado de la administraci\u00f3n de Miguel \u00c1ngel Mancera que, asegur\u00f3, estuvo marcado por irregularidades.<\/p>\n\n\n\n<p>El conflicto se remonta a 2016, cuando la Secretar\u00eda de Movilidad de la Ciudad de M\u00e9xico (Semovi), encabezada entonces por H\u00e9ctor Serrano, impuls\u00f3 un programa para sustituir los tax\u00edmetros tradicionales por tabletas electr\u00f3nicas en m\u00e1s de 140 mil unidades. El objetivo era modernizar el servicio y acercarlo a plataformas como Uber o Cabify, incorporando aplicaciones, geolocalizaci\u00f3n y botones de p\u00e1nico.<\/p>\n\n\n\n<h2 class=\"wp-block-heading\">IRREGULARIDADES Y CANCELACI\u00d3N DEL CONTRATO<\/h2>\n\n\n\n<p>Sin embargo, al asumir la jefatura de gobierno en 2018, Sheinbaum encontr\u00f3 inconformidad entre los taxistas, quienes denunciaban altos costos por los dispositivos y falta de transparencia en la selecci\u00f3n del proveedor.<\/p>\n\n\n\n<p>Tras revisar el proceso, su administraci\u00f3n detect\u00f3 anomal\u00edas en la asignaci\u00f3n de la concesi\u00f3n, por lo que decidi\u00f3 cancelar el contrato, lo que deriv\u00f3 en un litigio internacional promovido por concesionarios y actores vinculados al proyecto.<\/p>\n\n\n\n<h2 class=\"wp-block-heading\">EL ARBITRAJE INTERNACIONAL<\/h2>\n\n\n\n<p>El caso escal\u00f3 a un arbitraje internacional bajo el tratado comercial con Estados Unidos, con el argumento de que la cancelaci\u00f3n afectaba a empresas de ese pa\u00eds involucradas en el negocio. Durante a\u00f1os, el proceso incluy\u00f3 audiencias p\u00fablicas en territorio estadounidense, donde se revelaron detalles sobre las negociaciones, los responsables y los v\u00ednculos pol\u00edticos detr\u00e1s del contrato.<\/p>\n\n\n\n<p>De acuerdo con la presidenta mexicana, el fallo confirm\u00f3 que la cancelaci\u00f3n fue legal y que no hubo violaci\u00f3n al tratado, lo que representa un respaldo a la decisi\u00f3n de su gobierno.<\/p>\n\n\n\n<h2 class=\"wp-block-heading\">SE REVELAR\u00c1 EL \u201cENTRAMADO\u201d DEL CASO<\/h2>\n\n\n\n<p>Sheinbaum explic\u00f3 que, debido a las reglas del arbitraje, no pod\u00eda difundir informaci\u00f3n mientras el proceso estaba en curso. Con la resoluci\u00f3n a favor de la capital, adelant\u00f3 que ahora se dar\u00e1n a conocer m\u00e1s detalles.<\/p>\n\n\n\n<blockquote class=\"wp-block-quote is-layout-flow wp-block-quote-is-layout-flow\">\n<p><em>\u201cCuando venga alg\u00fan diputado, vamos a informar todo el entramado\u201d,&nbsp;<\/em>declar\u00f3, al tiempo que se\u00f1al\u00f3 directamente a la administraci\u00f3n de Mancera como responsable del origen del caso.<\/p>\n<\/blockquote>\n\n\n\n<p>La mandataria tambi\u00e9n pidi\u00f3 al exsecretario de Movilidad, Andr\u00e9s Lajous, presentar p\u00fablicamente el seguimiento del proceso y explicar c\u00f3mo se realiz\u00f3 la adjudicaci\u00f3n del proyecto.<\/p>\n\n\n\n<p>El litigio fue acompa\u00f1ado por distintas administraciones federales y cont\u00f3 con la participaci\u00f3n de funcionarios como Graciela M\u00e1rquez, Tatiana Clouthier, Raquel Buenrostro y Marcelo Ebrard, quienes estuvieron al frente de la Secretar\u00eda de Econom\u00eda durante el proceso.<\/p>\n","protected":false},"excerpt":{"rendered":"<p>La presidenta Claudia Sheinbaum anunci\u00f3 que un tribunal internacional fall\u00f3 a favor de su gobierno en el caso de la licitaci\u00f3n de tabletas electr\u00f3nicas para taxis de la Ciudad de M\u00e9xico, un proyecto heredado de la administraci\u00f3n de Miguel \u00c1ngel Mancera que, asegur\u00f3, estuvo marcado por irregularidades. El conflicto se remonta a 2016, cuando la Secretar\u00eda de Movilidad de la Ciudad de M\u00e9xico (Semovi), encabezada entonces por H\u00e9ctor Serrano, impuls\u00f3 un programa para sustituir los tax\u00edmetros tradicionales por tabletas electr\u00f3nicas en m\u00e1s de 140 mil unidades. El objetivo era modernizar el servicio y acercarlo a plataformas como Uber o Cabify,&#8230;<\/p>\n","protected":false},"author":13,"featured_media":22542,"comment_status":"closed","ping_status":"closed","sticky":false,"template":"","format":"standard","meta":{"footnotes":""},"categories":[37],"tags":[1775,114,4513,4514],"class_list":["post-22541","post","type-post","status-publish","format-standard","has-post-thumbnail","hentry","category-politica","tag-acusaciones","tag-corrupcion","tag-tabletas","tag-taxis"],"acf":[],"_links":{"self":[{"href":"https:\/\/boletinsonora.com.mx\/index.php?rest_route=\/wp\/v2\/posts\/22541","targetHints":{"allow":["GET"]}}],"collection":[{"href":"https:\/\/boletinsonora.com.mx\/index.php?rest_route=\/wp\/v2\/posts"}],"about":[{"href":"https:\/\/boletinsonora.com.mx\/index.php?rest_route=\/wp\/v2\/types\/post"}],"author":[{"embeddable":true,"href":"https:\/\/boletinsonora.com.mx\/index.php?rest_route=\/wp\/v2\/users\/13"}],"replies":[{"embeddable":true,"href":"https:\/\/boletinsonora.com.mx\/index.php?rest_route=%2Fwp%2Fv2%2Fcomments&post=22541"}],"version-history":[{"count":1,"href":"https:\/\/boletinsonora.com.mx\/index.php?rest_route=\/wp\/v2\/posts\/22541\/revisions"}],"predecessor-version":[{"id":22543,"href":"https:\/\/boletinsonora.com.mx\/index.php?rest_route=\/wp\/v2\/posts\/22541\/revisions\/22543"}],"wp:featuredmedia":[{"embeddable":true,"href":"https:\/\/boletinsonora.com.mx\/index.php?rest_route=\/wp\/v2\/media\/22542"}],"wp:attachment":[{"href":"https:\/\/boletinsonora.com.mx\/index.php?rest_route=%2Fwp%2Fv2%2Fmedia&parent=22541"}],"wp:term":[{"taxonomy":"category","embeddable":true,"href":"https:\/\/boletinsonora.com.mx\/index.php?rest_route=%2Fwp%2Fv2%2Fcategories&post=22541"},{"taxonomy":"post_tag","embeddable":true,"href":"https:\/\/boletinsonora.com.mx\/index.php?rest_route=%2Fwp%2Fv2%2Ftags&post=22541"}],"curies":[{"name":"wp","href":"https:\/\/api.w.org\/{rel}","templated":true}]}}