{"id":22550,"date":"2026-04-01T02:36:35","date_gmt":"2026-04-01T02:36:35","guid":{"rendered":"https:\/\/boletinsonora.com.mx\/?p=22550"},"modified":"2026-04-30T02:37:54","modified_gmt":"2026-04-30T02:37:54","slug":"sheinbaum-descarta-motivos-electorales-en-salida-de-rafael-marin","status":"publish","type":"post","link":"https:\/\/boletinsonora.com.mx\/?p=22550","title":{"rendered":"Sheinbaum descarta motivos electorales en salida de Rafael Mar\u00edn"},"content":{"rendered":"\n<p>Ante la pol\u00e9mica por la salida de&nbsp;<strong><a href=\"https:\/\/sipse.com\/mexico\/rafael-marin-ex-titular-de-aduanas-asume-nueva-responsabilidad-en-yucatan-506730.html\" target=\"_blank\" rel=\"noreferrer noopener\">Rafael Mar\u00edn Mollinedo<\/a><\/strong>&nbsp;de la direcci\u00f3n general de la Agencia Nacional de Aduanas de M\u00e9xico (ANAM), la presidenta Claudia Sheinbaum aclar\u00f3 que su renuncia no est\u00e1 relacionada con motivos electorales.<\/p>\n\n\n\n<p>Este mi\u00e9rcoles 1\u00b0 de abril, la mandataria explic\u00f3 que desde un inicio se hab\u00eda acordado que Mar\u00edn Mollinedo permanecer\u00eda en el cargo \u00fanicamente por un a\u00f1o, a solicitud expresa del propio funcionario.<\/p>\n\n\n\n<blockquote class=\"wp-block-quote is-layout-flow wp-block-quote-is-layout-flow\">\n<p><em>\u201cEn efecto. Rafael Mar\u00edn dej\u00f3 la direcci\u00f3n general de la Agencia Nacional de Aduanas. \u00c9l me hab\u00eda dicho que se quer\u00eda quedar exclusivamente un a\u00f1o, que me ayudaba un a\u00f1o, de hecho ya lleva un poquito m\u00e1s\u201d,&nbsp;<\/em>coment\u00f3 en su conferencia matutina.<\/p>\n<\/blockquote>\n\n\n\n<p>Sheinbaum aclar\u00f3 que la salida no responde a un mal desempe\u00f1o; por el contrario, reconoci\u00f3 su gesti\u00f3n al frente de Aduanas, destacando un incremento significativo en la recaudaci\u00f3n durante 2025.<\/p>\n\n\n\n<blockquote class=\"wp-block-quote is-layout-flow wp-block-quote-is-layout-flow\">\n<p><em>\u201c\u00c9l vive en Quintana Roo, entonces se va a Yucat\u00e1n, para todos aquellos que&nbsp;<strong>dicen que es por motivos electorales, no<\/strong>, \u00f3 que hizo un mal papel, al contrario, hizo un extraordinario papel\u201d, afirm\u00f3.<\/em><\/p>\n<\/blockquote>\n\n\n\n<h2 class=\"wp-block-heading\">De Quintana Roo a Yucat\u00e1n<\/h2>\n\n\n\n<p>El ahora exdirector de la ANAM, quien reside en Quintana Roo, se trasladar\u00e1 a Yucat\u00e1n, donde continuar\u00e1 colaborando con el gobierno federal. La presidenta adelant\u00f3 que podr\u00eda asumir funciones como delegado de la Secretar\u00eda de Bienestar o de Gobernaci\u00f3n, aunque a\u00fan no se han precisado los detalles de su nueva encomienda.<\/p>\n\n\n\n<p>En cuanto a la titularidad de la ANAM, Sheinbaum anunci\u00f3 que el relevo estar\u00e1 a cargo de H\u00e9ctor Alonso Romero Guti\u00e9rrez, quien previamente se desempe\u00f1aba en la Agencia de Transformaci\u00f3n Digital y cuenta con experiencia en coordinaci\u00f3n con el sistema aduanero.<\/p>\n","protected":false},"excerpt":{"rendered":"<p>Ante la pol\u00e9mica por la salida de&nbsp;Rafael Mar\u00edn Mollinedo&nbsp;de la direcci\u00f3n general de la Agencia Nacional de Aduanas de M\u00e9xico (ANAM), la presidenta Claudia Sheinbaum aclar\u00f3 que su renuncia no est\u00e1 relacionada con motivos electorales. Este mi\u00e9rcoles 1\u00b0 de abril, la mandataria explic\u00f3 que desde un inicio se hab\u00eda acordado que Mar\u00edn Mollinedo permanecer\u00eda en el cargo \u00fanicamente por un a\u00f1o, a solicitud expresa del propio funcionario. \u201cEn efecto. Rafael Mar\u00edn dej\u00f3 la direcci\u00f3n general de la Agencia Nacional de Aduanas. \u00c9l me hab\u00eda dicho que se quer\u00eda quedar exclusivamente un a\u00f1o, que me ayudaba un a\u00f1o, de hecho ya&#8230;<\/p>\n","protected":false},"author":13,"featured_media":22551,"comment_status":"closed","ping_status":"closed","sticky":false,"template":"","format":"standard","meta":{"footnotes":""},"categories":[37],"tags":[4519,4518],"class_list":["post-22550","post","type-post","status-publish","format-standard","has-post-thumbnail","hentry","category-politica","tag-motivos-electorales","tag-rafael-marin"],"acf":[],"_links":{"self":[{"href":"https:\/\/boletinsonora.com.mx\/index.php?rest_route=\/wp\/v2\/posts\/22550","targetHints":{"allow":["GET"]}}],"collection":[{"href":"https:\/\/boletinsonora.com.mx\/index.php?rest_route=\/wp\/v2\/posts"}],"about":[{"href":"https:\/\/boletinsonora.com.mx\/index.php?rest_route=\/wp\/v2\/types\/post"}],"author":[{"embeddable":true,"href":"https:\/\/boletinsonora.com.mx\/index.php?rest_route=\/wp\/v2\/users\/13"}],"replies":[{"embeddable":true,"href":"https:\/\/boletinsonora.com.mx\/index.php?rest_route=%2Fwp%2Fv2%2Fcomments&post=22550"}],"version-history":[{"count":1,"href":"https:\/\/boletinsonora.com.mx\/index.php?rest_route=\/wp\/v2\/posts\/22550\/revisions"}],"predecessor-version":[{"id":22552,"href":"https:\/\/boletinsonora.com.mx\/index.php?rest_route=\/wp\/v2\/posts\/22550\/revisions\/22552"}],"wp:featuredmedia":[{"embeddable":true,"href":"https:\/\/boletinsonora.com.mx\/index.php?rest_route=\/wp\/v2\/media\/22551"}],"wp:attachment":[{"href":"https:\/\/boletinsonora.com.mx\/index.php?rest_route=%2Fwp%2Fv2%2Fmedia&parent=22550"}],"wp:term":[{"taxonomy":"category","embeddable":true,"href":"https:\/\/boletinsonora.com.mx\/index.php?rest_route=%2Fwp%2Fv2%2Fcategories&post=22550"},{"taxonomy":"post_tag","embeddable":true,"href":"https:\/\/boletinsonora.com.mx\/index.php?rest_route=%2Fwp%2Fv2%2Ftags&post=22550"}],"curies":[{"name":"wp","href":"https:\/\/api.w.org\/{rel}","templated":true}]}}