{"id":22556,"date":"2026-04-02T02:41:28","date_gmt":"2026-04-02T02:41:28","guid":{"rendered":"https:\/\/boletinsonora.com.mx\/?p=22556"},"modified":"2026-04-30T02:42:47","modified_gmt":"2026-04-30T02:42:47","slug":"piden-a-la-onu-hacer-publico-el-informe-integro-sobre-desapariciones-en-mexico","status":"publish","type":"post","link":"https:\/\/boletinsonora.com.mx\/?p=22556","title":{"rendered":"Piden a la ONU hacer p\u00fablico el informe \u00edntegro sobre desapariciones en M\u00e9xico"},"content":{"rendered":"\n<p>Decenas de colectivos de familiares de personas desaparecidas solicitaron a la Organizaci\u00f3n de las Naciones Unidas (ONU)<strong>&nbsp;<\/strong>que haga p\u00fablico el&nbsp;<strong><a href=\"https:\/\/sipse.com\/mexico\/falta-datos-frena-busqueda-46-mil-desaparecidos-mexico-506460.html\" target=\"_blank\" rel=\"noreferrer noopener\">informe completo<\/a><\/strong>&nbsp;sobre la situaci\u00f3n en el pa\u00eds, en medio de cuestionamientos a las cifras oficiales del gobierno federal.<\/p>\n\n\n\n<p>La petici\u00f3n surge d\u00edas despu\u00e9s de que la presidenta Claudia Sheinbaum informara que el&nbsp;<strong>Registro Nacional de Personas Desaparecidas y No Localizadas<\/strong>&nbsp;contabiliza 130 mil personas desaparecidas. Sin embargo, organizaciones civiles advierten que estos datos no reflejan la magnitud real del problema.<\/p>\n\n\n\n<h2 class=\"wp-block-heading\">INFORME DE LA ONU CONTRADICE NARRATIVA OFICIAL<\/h2>\n\n\n\n<p>La organizaci\u00f3n IDHEAS, que participa en las discusiones del organismo internacional, difundi\u00f3 un resumen del m\u00e1s reciente informe del Comit\u00e9 contra la Desaparici\u00f3n Forzada (CED), emitido el 16 de marzo de 2026.<\/p>\n\n\n\n<p>El documento revela que M\u00e9xico ocupa el primer lugar a nivel mundial en acciones urgentes por desaparici\u00f3n forzada, con un total de 819 casos registrados. Tan solo entre septiembre de 2025 y febrero de 2026 se sumaron 40 nuevas solicitudes.<\/p>\n\n\n\n<p>Adem\u00e1s, el Comit\u00e9 se\u00f1ala graves deficiencias del Estado mexicano, entre ellas la falta de protecci\u00f3n a familiares y colectivos buscadores, as\u00ed como retrasos significativos en las investigaciones.<\/p>\n\n\n\n<h2 class=\"wp-block-heading\">EXIGEN RESULTADOS DEL ART\u00cdCULO 34<\/h2>\n\n\n\n<p>Por dicha raz\u00f3n, 31 colectivos \u2014incluidos Colectivo Luz de Esperanza Desaparecidos Jalisco y Hasta Encontrarte Guanajuato\u2014 exigieron que se publiquen los resultados del procedimiento iniciado bajo el art\u00edculo 34 de la Convenci\u00f3n Internacional contra las Desapariciones Forzadas.<\/p>\n\n\n\n<p>Este mecanismo, activado en octubre de 2025, permite evaluar si en M\u00e9xico las desapariciones ocurren de manera generalizada o sistem\u00e1tica. De confirmarse, el caso podr\u00eda escalar hasta la Asamblea General de la ONU.<\/p>\n\n\n\n<p>No obstante, el gobierno mexicano ha rechazado este proceso y solicit\u00f3 que la informaci\u00f3n se mantenga en reserva, lo que ha incrementado la tensi\u00f3n con organizaciones civiles.<\/p>\n\n\n\n<h2 class=\"wp-block-heading\">DENUNCIAN \u2018RASURA\u2019 Y FALTA DE TRANSPARENCIA<\/h2>\n\n\n\n<p>Los colectivos sostienen que su exigencia responde a la preocupaci\u00f3n por una posible manipulaci\u00f3n de cifras oficiales. Al mismo tiempo acusan que la metodolog\u00eda empleada por el gobierno implica una \u201crasura\u201d de datos, lo que pone en duda la confiabilidad de los registros.<\/p>\n\n\n\n<blockquote class=\"wp-block-quote is-layout-flow wp-block-quote-is-layout-flow\">\n<p><em>\u201cEstas acciones contribuyen a minimizar la magnitud de la crisis de desapariciones en el pa\u00eds y a diluir la responsabilidad de las instituciones\u201d,&nbsp;<\/em>advirtieron en un pronunciamiento conjunto.<\/p>\n<\/blockquote>\n\n\n\n<p>Las organizaciones concluyen que M\u00e9xico no est\u00e1 cumpliendo plenamente con sus obligaciones internacionales en materia de prevenci\u00f3n, investigaci\u00f3n y sanci\u00f3n de desapariciones forzadas. Por el contrario, alertan sobre una tendencia de opacidad, negaci\u00f3n y debilitamiento institucional.<\/p>\n","protected":false},"excerpt":{"rendered":"<p>Decenas de colectivos de familiares de personas desaparecidas solicitaron a la Organizaci\u00f3n de las Naciones Unidas (ONU)&nbsp;que haga p\u00fablico el&nbsp;informe completo&nbsp;sobre la situaci\u00f3n en el pa\u00eds, en medio de cuestionamientos a las cifras oficiales del gobierno federal. La petici\u00f3n surge d\u00edas despu\u00e9s de que la presidenta Claudia Sheinbaum informara que el&nbsp;Registro Nacional de Personas Desaparecidas y No Localizadas&nbsp;contabiliza 130 mil personas desaparecidas. Sin embargo, organizaciones civiles advierten que estos datos no reflejan la magnitud real del problema. INFORME DE LA ONU CONTRADICE NARRATIVA OFICIAL La organizaci\u00f3n IDHEAS, que participa en las discusiones del organismo internacional, difundi\u00f3 un resumen del m\u00e1s&#8230;<\/p>\n","protected":false},"author":13,"featured_media":22557,"comment_status":"closed","ping_status":"closed","sticky":false,"template":"","format":"standard","meta":{"footnotes":""},"categories":[36],"tags":[441,71,221],"class_list":["post-22556","post","type-post","status-publish","format-standard","has-post-thumbnail","hentry","category-internacional","tag-desapariciones","tag-mexico","tag-onu"],"acf":[],"_links":{"self":[{"href":"https:\/\/boletinsonora.com.mx\/index.php?rest_route=\/wp\/v2\/posts\/22556","targetHints":{"allow":["GET"]}}],"collection":[{"href":"https:\/\/boletinsonora.com.mx\/index.php?rest_route=\/wp\/v2\/posts"}],"about":[{"href":"https:\/\/boletinsonora.com.mx\/index.php?rest_route=\/wp\/v2\/types\/post"}],"author":[{"embeddable":true,"href":"https:\/\/boletinsonora.com.mx\/index.php?rest_route=\/wp\/v2\/users\/13"}],"replies":[{"embeddable":true,"href":"https:\/\/boletinsonora.com.mx\/index.php?rest_route=%2Fwp%2Fv2%2Fcomments&post=22556"}],"version-history":[{"count":1,"href":"https:\/\/boletinsonora.com.mx\/index.php?rest_route=\/wp\/v2\/posts\/22556\/revisions"}],"predecessor-version":[{"id":22558,"href":"https:\/\/boletinsonora.com.mx\/index.php?rest_route=\/wp\/v2\/posts\/22556\/revisions\/22558"}],"wp:featuredmedia":[{"embeddable":true,"href":"https:\/\/boletinsonora.com.mx\/index.php?rest_route=\/wp\/v2\/media\/22557"}],"wp:attachment":[{"href":"https:\/\/boletinsonora.com.mx\/index.php?rest_route=%2Fwp%2Fv2%2Fmedia&parent=22556"}],"wp:term":[{"taxonomy":"category","embeddable":true,"href":"https:\/\/boletinsonora.com.mx\/index.php?rest_route=%2Fwp%2Fv2%2Fcategories&post=22556"},{"taxonomy":"post_tag","embeddable":true,"href":"https:\/\/boletinsonora.com.mx\/index.php?rest_route=%2Fwp%2Fv2%2Ftags&post=22556"}],"curies":[{"name":"wp","href":"https:\/\/api.w.org\/{rel}","templated":true}]}}