{"id":22559,"date":"2026-04-02T02:44:44","date_gmt":"2026-04-02T02:44:44","guid":{"rendered":"https:\/\/boletinsonora.com.mx\/?p=22559"},"modified":"2026-04-30T02:45:54","modified_gmt":"2026-04-30T02:45:54","slug":"sin-extension-para-vincular-lineas-moviles-gobierno-ratifica-fecha-limite","status":"publish","type":"post","link":"https:\/\/boletinsonora.com.mx\/?p=22559","title":{"rendered":"Sin extensi\u00f3n para vincular l\u00edneas m\u00f3viles: gobierno ratifica fecha l\u00edmite"},"content":{"rendered":"\n<p>La Comisi\u00f3n Reguladora de Telecomunicaciones (CRT) confirm\u00f3 que&nbsp;<strong>no habr\u00e1 pr\u00f3rroga para el registro obligatorio de l\u00edneas m\u00f3viles en M\u00e9xico<\/strong>, pese al bajo nivel de avance en el proceso, el cual es obligatorio para todos los usuarios.<\/p>\n\n\n\n<p>El organismo sostuvo que el plazo establecido no puede modificarse de manera administrativa, ya que se trata de un&nbsp;<strong>periodo fijado en la ley<\/strong>, por lo que cualquier cambio depender\u00eda exclusivamente del Congreso.<\/p>\n\n\n\n<h2 class=\"wp-block-heading\">Avance limitado en el registro<\/h2>\n\n\n\n<p>Hasta ahora, el registro presenta un avance reducido, con apenas&nbsp;<strong>alrededor del 17% de las l\u00edneas m\u00f3viles vinculadas<\/strong>, lo que equivale a cerca de&nbsp;<strong>26 millones de n\u00fameros de un total aproximado de 150 millones<\/strong>&nbsp;en el pa\u00eds.<\/p>\n\n\n\n<p>Ante este escenario, la autoridad hizo un llamado a los usuarios para&nbsp;<strong>no confiarse y completar el tr\u00e1mite en tiempo<\/strong>, ya que el proceso contin\u00faa abierto pero sin posibilidad de extensi\u00f3n.<\/p>\n\n\n\n<h2 class=\"wp-block-heading\">Fecha l\u00edmite y consecuencias<\/h2>\n\n\n\n<p>El plazo para cumplir con el registro se mantiene para el&nbsp;<strong>30 de junio de 2026<\/strong>, fecha en la que todas las l\u00edneas deber\u00e1n estar asociadas a una persona f\u00edsica o moral.<\/p>\n\n\n\n<p>A partir del&nbsp;<strong>1 de julio<\/strong>, aquellas l\u00edneas que no hayan sido vinculadas ser\u00e1n&nbsp;<strong>deshabilitadas de forma temporal<\/strong>, quedando \u00fanicamente habilitadas para realizar llamadas de emergencia.<\/p>\n\n\n\n<h2 class=\"wp-block-heading\">Objetivo de la medida<\/h2>\n\n\n\n<p>El registro obligatorio forma parte de una estrategia para&nbsp;<strong>combatir delitos como la extorsi\u00f3n y el fraude telef\u00f3nico<\/strong>, al obligar a que cada n\u00famero est\u00e9 asociado a una identidad verificable.<\/p>\n\n\n\n<p>La normativa tambi\u00e9n establece que las nuevas l\u00edneas solo podr\u00e1n activarse una vez que completen este proceso, mientras que las ya existentes deber\u00e1n regularizarse dentro del plazo vigente.<\/p>\n","protected":false},"excerpt":{"rendered":"<p>La Comisi\u00f3n Reguladora de Telecomunicaciones (CRT) confirm\u00f3 que&nbsp;no habr\u00e1 pr\u00f3rroga para el registro obligatorio de l\u00edneas m\u00f3viles en M\u00e9xico, pese al bajo nivel de avance en el proceso, el cual es obligatorio para todos los usuarios. El organismo sostuvo que el plazo establecido no puede modificarse de manera administrativa, ya que se trata de un&nbsp;periodo fijado en la ley, por lo que cualquier cambio depender\u00eda exclusivamente del Congreso. Avance limitado en el registro Hasta ahora, el registro presenta un avance reducido, con apenas&nbsp;alrededor del 17% de las l\u00edneas m\u00f3viles vinculadas, lo que equivale a cerca de&nbsp;26 millones de n\u00fameros de&#8230;<\/p>\n","protected":false},"author":13,"featured_media":22560,"comment_status":"closed","ping_status":"closed","sticky":false,"template":"","format":"standard","meta":{"footnotes":""},"categories":[37],"tags":[1261,4264,4522],"class_list":["post-22559","post","type-post","status-publish","format-standard","has-post-thumbnail","hentry","category-politica","tag-gobierno","tag-lineas-moviles","tag-vinculacion"],"acf":[],"_links":{"self":[{"href":"https:\/\/boletinsonora.com.mx\/index.php?rest_route=\/wp\/v2\/posts\/22559","targetHints":{"allow":["GET"]}}],"collection":[{"href":"https:\/\/boletinsonora.com.mx\/index.php?rest_route=\/wp\/v2\/posts"}],"about":[{"href":"https:\/\/boletinsonora.com.mx\/index.php?rest_route=\/wp\/v2\/types\/post"}],"author":[{"embeddable":true,"href":"https:\/\/boletinsonora.com.mx\/index.php?rest_route=\/wp\/v2\/users\/13"}],"replies":[{"embeddable":true,"href":"https:\/\/boletinsonora.com.mx\/index.php?rest_route=%2Fwp%2Fv2%2Fcomments&post=22559"}],"version-history":[{"count":1,"href":"https:\/\/boletinsonora.com.mx\/index.php?rest_route=\/wp\/v2\/posts\/22559\/revisions"}],"predecessor-version":[{"id":22561,"href":"https:\/\/boletinsonora.com.mx\/index.php?rest_route=\/wp\/v2\/posts\/22559\/revisions\/22561"}],"wp:featuredmedia":[{"embeddable":true,"href":"https:\/\/boletinsonora.com.mx\/index.php?rest_route=\/wp\/v2\/media\/22560"}],"wp:attachment":[{"href":"https:\/\/boletinsonora.com.mx\/index.php?rest_route=%2Fwp%2Fv2%2Fmedia&parent=22559"}],"wp:term":[{"taxonomy":"category","embeddable":true,"href":"https:\/\/boletinsonora.com.mx\/index.php?rest_route=%2Fwp%2Fv2%2Fcategories&post=22559"},{"taxonomy":"post_tag","embeddable":true,"href":"https:\/\/boletinsonora.com.mx\/index.php?rest_route=%2Fwp%2Fv2%2Ftags&post=22559"}],"curies":[{"name":"wp","href":"https:\/\/api.w.org\/{rel}","templated":true}]}}