{"id":22562,"date":"2026-04-03T02:47:35","date_gmt":"2026-04-03T02:47:35","guid":{"rendered":"https:\/\/boletinsonora.com.mx\/?p=22562"},"modified":"2026-04-30T02:49:44","modified_gmt":"2026-04-30T02:49:44","slug":"pri-y-pan-analizaran-perfil-del-proximo-canciller","status":"publish","type":"post","link":"https:\/\/boletinsonora.com.mx\/?p=22562","title":{"rendered":"PRI y PAN analizar\u00e1n perfil del pr\u00f3ximo canciller"},"content":{"rendered":"\n<p>Senadores del PRI y PAN se\u00f1alaron que&nbsp;<strong>no confiar\u00e1n ciegamente en Roberto Velasco<\/strong>&nbsp;como nuevo titular de la Secretar\u00eda de Relaciones Exteriores (SRE) y adelantaron que realizar\u00e1n un&nbsp;<strong>an\u00e1lisis previo a su ratificaci\u00f3n en el Senado<\/strong>.<\/p>\n\n\n\n<p>El proceso de designaci\u00f3n a\u00fan debe pasar por el Poder Legislativo, por lo que las bancadas opositoras tendr\u00e1n un papel clave en la evaluaci\u00f3n del perfil propuesto por el Ejecutivo.<\/p>\n\n\n\n<h2 class=\"wp-block-heading\">PRI descarta dar \u201ccheque en blanco\u201d<\/h2>\n\n\n\n<p>El coordinador de los senadores del PRI, Manuel A\u00f1orve, afirm\u00f3 que su grupo parlamentario&nbsp;<strong>no otorgar\u00e1 un respaldo autom\u00e1tico<\/strong>, al advertir que el nombramiento ser\u00e1 revisado con detenimiento antes de emitir una postura definitiva.<\/p>\n\n\n\n<p>El legislador dej\u00f3 claro que el an\u00e1lisis se centrar\u00e1 en la capacidad del funcionario para encabezar la pol\u00edtica exterior, as\u00ed como en los retos que enfrenta M\u00e9xico en el \u00e1mbito internacional.<\/p>\n\n\n\n<h2 class=\"wp-block-heading\">PAN tambi\u00e9n analizar\u00e1 el perfil<\/h2>\n\n\n\n<p>Desde el PAN, legisladores coincidieron en que el nombramiento debe ser evaluado bajo criterios t\u00e9cnicos y pol\u00edticos, por lo que&nbsp;<strong>no habr\u00e1 un aval inmediato<\/strong>&nbsp;sin antes revisar la trayectoria y experiencia del candidato.<\/p>\n\n\n\n<p>La postura refleja una posici\u00f3n conjunta de la oposici\u00f3n, que busca influir en el proceso de ratificaci\u00f3n mediante un an\u00e1lisis detallado en comisiones y en el pleno del Senado.<\/p>\n\n\n\n<h2 class=\"wp-block-heading\">Velasco espera ratificaci\u00f3n del Senado<\/h2>\n\n\n\n<p>Roberto Velasco agradeci\u00f3 su designaci\u00f3n como pr\u00f3ximo canciller y se\u00f1al\u00f3 que, en caso de ser ratificado, continuar\u00e1 trabajando en la&nbsp;<strong>defensa de los intereses de M\u00e9xico y la protecci\u00f3n de connacionales en el exterior<\/strong>.<\/p>\n\n\n\n<p>El funcionario fue propuesto tras la salida de Juan Ram\u00f3n de la Fuente, y su llegada a la SRE depender\u00e1 del proceso legislativo que se desarrollar\u00e1 en los pr\u00f3ximos d\u00edas.<\/p>\n\n\n\n<h2 class=\"wp-block-heading\">Proceso legislativo ser\u00e1 determinante<\/h2>\n\n\n\n<p>La decisi\u00f3n final recaer\u00e1 en el Senado, donde se analizar\u00e1 el perfil del diplom\u00e1tico antes de votar su ratificaci\u00f3n, en un contexto en el que la pol\u00edtica exterior enfrenta desaf\u00edos relevantes.<\/p>\n\n\n\n<p>El posicionamiento del PRI y PAN anticipa que el proceso no ser\u00e1 autom\u00e1tico y que el nombramiento ser\u00e1 sometido a revisi\u00f3n antes de definirse su aprobaci\u00f3n.<\/p>\n","protected":false},"excerpt":{"rendered":"<p>Senadores del PRI y PAN se\u00f1alaron que&nbsp;no confiar\u00e1n ciegamente en Roberto Velasco&nbsp;como nuevo titular de la Secretar\u00eda de Relaciones Exteriores (SRE) y adelantaron que realizar\u00e1n un&nbsp;an\u00e1lisis previo a su ratificaci\u00f3n en el Senado. El proceso de designaci\u00f3n a\u00fan debe pasar por el Poder Legislativo, por lo que las bancadas opositoras tendr\u00e1n un papel clave en la evaluaci\u00f3n del perfil propuesto por el Ejecutivo. PRI descarta dar \u201ccheque en blanco\u201d El coordinador de los senadores del PRI, Manuel A\u00f1orve, afirm\u00f3 que su grupo parlamentario&nbsp;no otorgar\u00e1 un respaldo autom\u00e1tico, al advertir que el nombramiento ser\u00e1 revisado con detenimiento antes de emitir una&#8230;<\/p>\n","protected":false},"author":13,"featured_media":22563,"comment_status":"closed","ping_status":"closed","sticky":false,"template":"","format":"standard","meta":{"footnotes":""},"categories":[37],"tags":[4523,78],"class_list":["post-22562","post","type-post","status-publish","format-standard","has-post-thumbnail","hentry","category-politica","tag-canciller","tag-pri"],"acf":[],"_links":{"self":[{"href":"https:\/\/boletinsonora.com.mx\/index.php?rest_route=\/wp\/v2\/posts\/22562","targetHints":{"allow":["GET"]}}],"collection":[{"href":"https:\/\/boletinsonora.com.mx\/index.php?rest_route=\/wp\/v2\/posts"}],"about":[{"href":"https:\/\/boletinsonora.com.mx\/index.php?rest_route=\/wp\/v2\/types\/post"}],"author":[{"embeddable":true,"href":"https:\/\/boletinsonora.com.mx\/index.php?rest_route=\/wp\/v2\/users\/13"}],"replies":[{"embeddable":true,"href":"https:\/\/boletinsonora.com.mx\/index.php?rest_route=%2Fwp%2Fv2%2Fcomments&post=22562"}],"version-history":[{"count":1,"href":"https:\/\/boletinsonora.com.mx\/index.php?rest_route=\/wp\/v2\/posts\/22562\/revisions"}],"predecessor-version":[{"id":22564,"href":"https:\/\/boletinsonora.com.mx\/index.php?rest_route=\/wp\/v2\/posts\/22562\/revisions\/22564"}],"wp:featuredmedia":[{"embeddable":true,"href":"https:\/\/boletinsonora.com.mx\/index.php?rest_route=\/wp\/v2\/media\/22563"}],"wp:attachment":[{"href":"https:\/\/boletinsonora.com.mx\/index.php?rest_route=%2Fwp%2Fv2%2Fmedia&parent=22562"}],"wp:term":[{"taxonomy":"category","embeddable":true,"href":"https:\/\/boletinsonora.com.mx\/index.php?rest_route=%2Fwp%2Fv2%2Fcategories&post=22562"},{"taxonomy":"post_tag","embeddable":true,"href":"https:\/\/boletinsonora.com.mx\/index.php?rest_route=%2Fwp%2Fv2%2Ftags&post=22562"}],"curies":[{"name":"wp","href":"https:\/\/api.w.org\/{rel}","templated":true}]}}