{"id":22565,"date":"2026-04-05T02:55:28","date_gmt":"2026-04-05T02:55:28","guid":{"rendered":"https:\/\/boletinsonora.com.mx\/?p=22565"},"modified":"2026-04-30T02:56:30","modified_gmt":"2026-04-30T02:56:30","slug":"ajustes-estrategicos-marcan-nueva-etapa-en-el-gobierno-de-sheinbaum","status":"publish","type":"post","link":"https:\/\/boletinsonora.com.mx\/?p=22565","title":{"rendered":"Ajustes estrat\u00e9gicos marcan nueva etapa en el gobierno de Sheinbaum"},"content":{"rendered":"\n<p>La presidenta de M\u00e9xico, Claudia Sheinbaum, ha comenzado a marcar su propio estilo con una serie de movimientos estrat\u00e9gicos en \u00e1reas clave del gobierno, por ello,&nbsp;estos ajustes reflejan una combinaci\u00f3n de continuidad y transformaci\u00f3n respecto a la administraci\u00f3n anterior.<\/p>\n\n\n\n<p>Dependencias como la<strong>&nbsp;Secretar\u00eda de Relaciones Exteriores<\/strong>&nbsp;(SRE), la&nbsp;<strong>Secretar\u00eda de Hacienda y Cr\u00e9dito P\u00fablico&nbsp;<\/strong>(SHCP) y la&nbsp;<strong>Fiscal\u00eda General de la Rep\u00fablica<\/strong>&nbsp;(FGR) han sido protagonistas de estos cambios que impactan la gobernabilidad y la percepci\u00f3n econ\u00f3mica.<\/p>\n\n\n\n<p>Uno de los movimientos m\u00e1s recientes fue la salida de<strong>&nbsp;Juan Ram\u00f3n de la Fuente de la SRE&nbsp;<\/strong>por motivos de salud. En su lugar, fue designado&nbsp;<em>Roberto Velasco<\/em>, quien anteriormente se desempe\u00f1aba como&nbsp;<em>subsecretario para Am\u00e9rica del Norte.<\/em><\/p>\n\n\n\n<p>El nuevo canciller enfrenta retos en un contexto internacional complejo, marcado por tensiones geopol\u00edticas y la necesidad de proteger a los mexicanos en el extranjero.<\/p>\n\n\n\n<h2 class=\"wp-block-heading\"><strong>Cambios en justicia y finanzas<\/strong><\/h2>\n\n\n\n<p>En la Fiscal\u00eda General de la Rep\u00fablica, la salida de&nbsp;<strong>Alejandro Gertz Manero&nbsp;<\/strong>dio paso al nombramiento de Ernestina Godoy, quien asumi\u00f3 el cargo con el compromiso de combatir la impunidad.<\/p>\n\n\n\n<p>En materia econ\u00f3mica, la renuncia de&nbsp;<strong>Rogelio Ram\u00edrez de la O&nbsp;<\/strong>a la SHCP marc\u00f3 otro punto clave. Su lugar fue ocupado por&nbsp;<em>Edgar Amador Zamora,<\/em>&nbsp;quien enfrenta desaf\u00edos como presiones externas y amenazas arancelarias.<\/p>\n\n\n\n<h2 class=\"wp-block-heading\"><strong>Aduanas, Consejer\u00eda y combate financiero<\/strong><\/h2>\n\n\n\n<p>Otros cambios relevantes incluyen la llegada de&nbsp;<strong>H\u00e9ctor Alonso Romero<\/strong>&nbsp;a la Agencia Nacional de Aduanas, as\u00ed como el nombramiento de&nbsp;<em>Esthela Dami\u00e1n Peralta<\/em>&nbsp;en la Consejer\u00eda Jur\u00eddica.<\/p>\n\n\n\n<p>En la Unidad de Inteligencia Financiera,<strong>&nbsp;Omar Reyes&nbsp;<\/strong>sustituy\u00f3 a&nbsp;<em>Pablo G\u00f3mez<\/em>, reforzando la estrategia contra el lavado de dinero.<\/p>\n\n\n\n<p>Estos movimientos cambian completamente el rumbo del gobierno de Claudia Sheinbaum, ante una administraci\u00f3n que busca estabilidad institucional mientras enfrenta retos internos y externos.<\/p>\n","protected":false},"excerpt":{"rendered":"<p>La presidenta de M\u00e9xico, Claudia Sheinbaum, ha comenzado a marcar su propio estilo con una serie de movimientos estrat\u00e9gicos en \u00e1reas clave del gobierno, por ello,&nbsp;estos ajustes reflejan una combinaci\u00f3n de continuidad y transformaci\u00f3n respecto a la administraci\u00f3n anterior. Dependencias como la&nbsp;Secretar\u00eda de Relaciones Exteriores&nbsp;(SRE), la&nbsp;Secretar\u00eda de Hacienda y Cr\u00e9dito P\u00fablico&nbsp;(SHCP) y la&nbsp;Fiscal\u00eda General de la Rep\u00fablica&nbsp;(FGR) han sido protagonistas de estos cambios que impactan la gobernabilidad y la percepci\u00f3n econ\u00f3mica. Uno de los movimientos m\u00e1s recientes fue la salida de&nbsp;Juan Ram\u00f3n de la Fuente de la SRE&nbsp;por motivos de salud. En su lugar, fue designado&nbsp;Roberto Velasco, quien anteriormente se&#8230;<\/p>\n","protected":false},"author":13,"featured_media":22566,"comment_status":"closed","ping_status":"closed","sticky":false,"template":"","format":"standard","meta":{"footnotes":""},"categories":[37],"tags":[4524,1261,4525],"class_list":["post-22565","post","type-post","status-publish","format-standard","has-post-thumbnail","hentry","category-politica","tag-cambios-estrategicos","tag-gobierno","tag-nueva-etapa"],"acf":[],"_links":{"self":[{"href":"https:\/\/boletinsonora.com.mx\/index.php?rest_route=\/wp\/v2\/posts\/22565","targetHints":{"allow":["GET"]}}],"collection":[{"href":"https:\/\/boletinsonora.com.mx\/index.php?rest_route=\/wp\/v2\/posts"}],"about":[{"href":"https:\/\/boletinsonora.com.mx\/index.php?rest_route=\/wp\/v2\/types\/post"}],"author":[{"embeddable":true,"href":"https:\/\/boletinsonora.com.mx\/index.php?rest_route=\/wp\/v2\/users\/13"}],"replies":[{"embeddable":true,"href":"https:\/\/boletinsonora.com.mx\/index.php?rest_route=%2Fwp%2Fv2%2Fcomments&post=22565"}],"version-history":[{"count":1,"href":"https:\/\/boletinsonora.com.mx\/index.php?rest_route=\/wp\/v2\/posts\/22565\/revisions"}],"predecessor-version":[{"id":22567,"href":"https:\/\/boletinsonora.com.mx\/index.php?rest_route=\/wp\/v2\/posts\/22565\/revisions\/22567"}],"wp:featuredmedia":[{"embeddable":true,"href":"https:\/\/boletinsonora.com.mx\/index.php?rest_route=\/wp\/v2\/media\/22566"}],"wp:attachment":[{"href":"https:\/\/boletinsonora.com.mx\/index.php?rest_route=%2Fwp%2Fv2%2Fmedia&parent=22565"}],"wp:term":[{"taxonomy":"category","embeddable":true,"href":"https:\/\/boletinsonora.com.mx\/index.php?rest_route=%2Fwp%2Fv2%2Fcategories&post=22565"},{"taxonomy":"post_tag","embeddable":true,"href":"https:\/\/boletinsonora.com.mx\/index.php?rest_route=%2Fwp%2Fv2%2Ftags&post=22565"}],"curies":[{"name":"wp","href":"https:\/\/api.w.org\/{rel}","templated":true}]}}