{"id":22568,"date":"2026-04-06T02:57:12","date_gmt":"2026-04-06T02:57:12","guid":{"rendered":"https:\/\/boletinsonora.com.mx\/?p=22568"},"modified":"2026-04-30T03:13:46","modified_gmt":"2026-04-30T03:13:46","slug":"niega-sheinbaum-vinculo-entre-captura-de-el-mencho-y-platicas-del-t-mec","status":"publish","type":"post","link":"https:\/\/boletinsonora.com.mx\/?p=22568","title":{"rendered":"Niega Sheinbaum v\u00ednculo entre captura de \u201cEl Mencho\u201d y pl\u00e1ticas del T-MEC"},"content":{"rendered":"\n<p>Durante su conferencia matutina de hoy, la presidenta Claudia Sheinbaum, asegur\u00f3 que el abatimiento de Nemesio Oseguera Cervantes, alias \u2018El Mencho\u2019, exl\u00edder del C\u00e1rtel Jalisco Nueva Generaci\u00f3n (CJNG), no est\u00e1 relacionado con las negociaciones del T-MEC.<\/p>\n\n\n\n<p>En Palacio Nacional, la mandataria mexicana fue cuestionada sobre las declaraciones del secretario de Econom\u00eda, Marcelo Ebrard, quien se\u00f1al\u00f3 que la acci\u00f3n contra el capo podr\u00eda favorecer el acuerdo comercial al demostrar la postura del Gobierno mexicano frente al crimen organizado.<\/p>\n\n\n\n<blockquote class=\"wp-block-quote is-layout-flow wp-block-quote-is-layout-flow\">\n<p><em>\u201cEn particular este operativo pues, no necesariamente est\u00e1 vinculado con la negociaci\u00f3n del T-MEC\u201d,&nbsp;<\/em>afirm\u00f3, al tiempo que explic\u00f3 que, si bien este tipo de operativos contribuyen a mejorar la cooperaci\u00f3n internacional, no forman parte directa de las negociaciones comerciales.<\/p>\n<\/blockquote>\n\n\n\n<h2 class=\"wp-block-heading\">Seguridad s\u00ed impacta la relaci\u00f3n bilateral<\/h2>\n\n\n\n<p>Sheinbaum precis\u00f3 que el operativo realizado el pasado 22 de febrero en Tapalpa, Jalisco, s\u00ed tiene efectos positivos en la relaci\u00f3n con Estados Unidos, particularmente en materia de seguridad.<\/p>\n\n\n\n<blockquote class=\"wp-block-quote is-layout-flow wp-block-quote-is-layout-flow\">\n<p><em>\u201cEvidentemente mejoran la relaci\u00f3n entre todos los pa\u00edses del mundo y particularmente con Estados Unidos\u201d, se\u00f1al\u00f3.<\/em><\/p>\n<\/blockquote>\n\n\n\n<h2 class=\"wp-block-heading\">Presi\u00f3n arancelaria y estrategia mexicana<\/h2>\n\n\n\n<p>En paralelo, el Gobierno mexicano mantiene como prioridad la defensa del T-MEC, as\u00ed como la eliminaci\u00f3n o reducci\u00f3n de los aranceles impuestos por el presidente estadounidense, Donald Trump, a sectores como veh\u00edculos, acero y aluminio desde el inicio de su administraci\u00f3n en 2025.<\/p>\n\n\n\n<p>Estas medidas, de acuerdo con el contexto oficial, han sido utilizadas por Washington como mecanismo de presi\u00f3n para que M\u00e9xico refuerce el combate a los c\u00e1rteles y el tr\u00e1fico de drogas, particularmente de fentanilo.<\/p>\n\n\n\n<p>Ante este escenario, M\u00e9xico ha intensificado sus operativos de seguridad y la captura de objetivos prioritarios buscados por autoridades estadounidenses, como parte de una estrategia integral que, seg\u00fan el Gobierno federal, busca fortalecer la cooperaci\u00f3n sin sujetarla a acuerdos comerciales.<\/p>\n\n\n\n<h2 class=\"wp-block-heading\">Confianza en la continuidad del tratado<\/h2>\n\n\n\n<p>Sheinbaum adelant\u00f3 que su administraci\u00f3n trabaja en un an\u00e1lisis sobre el impacto de los aranceles en el comercio exterior, al tiempo que reiter\u00f3 su confianza en la permanencia del acuerdo trilateral.<\/p>\n\n\n\n<blockquote class=\"wp-block-quote is-layout-flow wp-block-quote-is-layout-flow\">\n<p><em>\u201cEstamos seguros de que se va a mantener el tratado\u201d,&nbsp;<\/em>afirm\u00f3, al destacar que las condiciones espec\u00edficas ser\u00e1n revisadas en los pr\u00f3ximos meses con el objetivo de regresar a un esquema de libre comercio como el que prevalec\u00eda antes de 2025.<\/p>\n<\/blockquote>\n","protected":false},"excerpt":{"rendered":"<p>Durante su conferencia matutina de hoy, la presidenta Claudia Sheinbaum, asegur\u00f3 que el abatimiento de Nemesio Oseguera Cervantes, alias \u2018El Mencho\u2019, exl\u00edder del C\u00e1rtel Jalisco Nueva Generaci\u00f3n (CJNG), no est\u00e1 relacionado con las negociaciones del T-MEC. En Palacio Nacional, la mandataria mexicana fue cuestionada sobre las declaraciones del secretario de Econom\u00eda, Marcelo Ebrard, quien se\u00f1al\u00f3 que la acci\u00f3n contra el capo podr\u00eda favorecer el acuerdo comercial al demostrar la postura del Gobierno mexicano frente al crimen organizado. \u201cEn particular este operativo pues, no necesariamente est\u00e1 vinculado con la negociaci\u00f3n del T-MEC\u201d,&nbsp;afirm\u00f3, al tiempo que explic\u00f3 que, si bien este tipo&#8230;<\/p>\n","protected":false},"author":13,"featured_media":22569,"comment_status":"closed","ping_status":"closed","sticky":false,"template":"","format":"standard","meta":{"footnotes":""},"categories":[37],"tags":[1642,285,1982],"class_list":["post-22568","post","type-post","status-publish","format-standard","has-post-thumbnail","hentry","category-politica","tag-mencho","tag-t-mec","tag-vinculos"],"acf":[],"_links":{"self":[{"href":"https:\/\/boletinsonora.com.mx\/index.php?rest_route=\/wp\/v2\/posts\/22568","targetHints":{"allow":["GET"]}}],"collection":[{"href":"https:\/\/boletinsonora.com.mx\/index.php?rest_route=\/wp\/v2\/posts"}],"about":[{"href":"https:\/\/boletinsonora.com.mx\/index.php?rest_route=\/wp\/v2\/types\/post"}],"author":[{"embeddable":true,"href":"https:\/\/boletinsonora.com.mx\/index.php?rest_route=\/wp\/v2\/users\/13"}],"replies":[{"embeddable":true,"href":"https:\/\/boletinsonora.com.mx\/index.php?rest_route=%2Fwp%2Fv2%2Fcomments&post=22568"}],"version-history":[{"count":1,"href":"https:\/\/boletinsonora.com.mx\/index.php?rest_route=\/wp\/v2\/posts\/22568\/revisions"}],"predecessor-version":[{"id":22570,"href":"https:\/\/boletinsonora.com.mx\/index.php?rest_route=\/wp\/v2\/posts\/22568\/revisions\/22570"}],"wp:featuredmedia":[{"embeddable":true,"href":"https:\/\/boletinsonora.com.mx\/index.php?rest_route=\/wp\/v2\/media\/22569"}],"wp:attachment":[{"href":"https:\/\/boletinsonora.com.mx\/index.php?rest_route=%2Fwp%2Fv2%2Fmedia&parent=22568"}],"wp:term":[{"taxonomy":"category","embeddable":true,"href":"https:\/\/boletinsonora.com.mx\/index.php?rest_route=%2Fwp%2Fv2%2Fcategories&post=22568"},{"taxonomy":"post_tag","embeddable":true,"href":"https:\/\/boletinsonora.com.mx\/index.php?rest_route=%2Fwp%2Fv2%2Ftags&post=22568"}],"curies":[{"name":"wp","href":"https:\/\/api.w.org\/{rel}","templated":true}]}}