{"id":22571,"date":"2026-04-04T03:05:23","date_gmt":"2026-04-04T03:05:23","guid":{"rendered":"https:\/\/boletinsonora.com.mx\/?p=22571"},"modified":"2026-04-30T03:06:50","modified_gmt":"2026-04-30T03:06:50","slug":"aumenta-la-presion-para-declarar-crisis-ambiental-por-derrame-en-el-golfo","status":"publish","type":"post","link":"https:\/\/boletinsonora.com.mx\/?p=22571","title":{"rendered":"Aumenta la presi\u00f3n para declarar crisis ambiental por derrame en el Golfo"},"content":{"rendered":"\n<p>A semanas del&nbsp;<a href=\"https:\/\/www.tvazteca.com\/aztecanoticias\/gobierno-confirma-630-9-km-playas-afectadas-por-hidrocarburos-en-el-golfo-mexico\/\" target=\"_blank\" rel=\"noreferrer noopener\">derrame de hidrocarburos<\/a>&nbsp;en el&nbsp;<strong>Golfo de M\u00e9xico<\/strong>, la presi\u00f3n sube de tono: entre reclamos por omisiones y versiones encontradas, crece la exigencia del PAN de declarar una crisis ambiental ante un da\u00f1o que sigue avanzando.<\/p>\n\n\n\n<h2 class=\"wp-block-heading\" id=\"0000019d-5f8d-da15-abdf-7fef59880000\">PAN acusa respuesta tard\u00eda del gobierno en derrame del Golfo<\/h2>\n\n\n\n<p>La dirigencia del P<strong>artido Acci\u00f3n Nacional (PAN)<\/strong>&nbsp;acus\u00f3 al gobierno de tener una respuesta tard\u00eda, confusa y, sobretodo, insuficiente ante un&nbsp;<a href=\"https:\/\/www.tvazteca.com\/aztecanoticias\/derrame-hidrocarburo-en-veracruz-denuncian-abandono-y-dano-ambiental-en-coatzacoalcos\/\" target=\"_blank\" rel=\"noreferrer noopener\"><strong>derrame<\/strong><\/a>&nbsp;que impacta a las entidades con litoral en el&nbsp;<strong>Golfo de M\u00e9xico.<\/strong><\/p>\n\n\n\n<p>De acuerdo con el partido, las autoridades no han logrado sostener una versi\u00f3n clara sobre las causas del incidente. Por el contrario, aseguran que se han emitido distintas explicaciones sin respaldo t\u00e9cnico s\u00f3lido, lo que ha derivado en desconfianza y en la percepci\u00f3n de que se intenta minimizar la magnitud del problema.<\/p>\n\n\n\n<p>En el centro de las cr\u00edticas tambi\u00e9n est\u00e1n instituciones como&nbsp;<strong>Pemex<\/strong>, la&nbsp;<strong>Semarnat<\/strong>&nbsp;y la&nbsp;<strong>Cofepris<\/strong>, se\u00f1aladas por mantener una narrativa de \u201ccontrol\u201d que contrasta con los reportes de organizaciones civiles y comunidades locales.<\/p>\n\n\n\n<h2 class=\"wp-block-heading\" id=\"0000019d-5f8b-d165-a5dd-dfaf5b770000\">Impacto ambiental y econ\u00f3mico en plena temporada de Semana Santa<\/h2>\n\n\n\n<p>El momento en que ocurre el derrame agrava el escenario. La emergencia coincide con el inicio del periodo de anidaci\u00f3n de diversas especies marinas y con la&nbsp;<strong>temporada tur\u00edstica de Semana Santa<\/strong>, lo que multiplica los efectos tanto&nbsp;<strong>ecol\u00f3gicos<\/strong>&nbsp;como&nbsp;<strong>econ\u00f3micos<\/strong>.<\/p>\n\n\n\n<p>Para miles de familias que dependen de la&nbsp;<strong>pesca<\/strong>&nbsp;y el&nbsp;<strong>turismo<\/strong>, la situaci\u00f3n se ha traducido en una ca\u00edda inmediata de ingresos. Seg\u00fan el PAN, los apoyos ofrecidos hasta ahora son insuficientes y no alcanzan a cubrir ni siquiera una semana de p\u00e9rdidas, lo que deja a comunidades enteras en una posici\u00f3n de alta vulnerabilidad.<\/p>\n\n\n\n<p>Adem\u00e1s, el partido advierte que este tipo de incidentes no son aislados. Se\u00f1alan antecedentes recientes, como fallas en infraestructura energ\u00e9tica y episodios vinculados a operaciones petroleras, lo que evidencia la falta de protocolos efectivos de prevenci\u00f3n y respuesta.<\/p>\n\n\n\n<p>En su posicionamiento, el&nbsp;<strong>PAN<\/strong>&nbsp;subraya que no se trata solo de un accidente, sino de un reflejo de fallas m\u00e1s profundas en la gesti\u00f3n ambiental. Tambi\u00e9n critica los intentos de descalificar a organizaciones no gubernamentales que han documentado da\u00f1os persistentes, en contraste con la versi\u00f3n oficial de \u201cplayas limpias\u201d.<\/p>\n","protected":false},"excerpt":{"rendered":"<p>A semanas del&nbsp;derrame de hidrocarburos&nbsp;en el&nbsp;Golfo de M\u00e9xico, la presi\u00f3n sube de tono: entre reclamos por omisiones y versiones encontradas, crece la exigencia del PAN de declarar una crisis ambiental ante un da\u00f1o que sigue avanzando. PAN acusa respuesta tard\u00eda del gobierno en derrame del Golfo La dirigencia del Partido Acci\u00f3n Nacional (PAN)&nbsp;acus\u00f3 al gobierno de tener una respuesta tard\u00eda, confusa y, sobretodo, insuficiente ante un&nbsp;derrame&nbsp;que impacta a las entidades con litoral en el&nbsp;Golfo de M\u00e9xico. De acuerdo con el partido, las autoridades no han logrado sostener una versi\u00f3n clara sobre las causas del incidente. Por el contrario, aseguran que&#8230;<\/p>\n","protected":false},"author":13,"featured_media":22572,"comment_status":"closed","ping_status":"closed","sticky":false,"template":"","format":"standard","meta":{"footnotes":""},"categories":[37],"tags":[165,4527],"class_list":["post-22571","post","type-post","status-publish","format-standard","has-post-thumbnail","hentry","category-politica","tag-derrame","tag-golfo"],"acf":[],"_links":{"self":[{"href":"https:\/\/boletinsonora.com.mx\/index.php?rest_route=\/wp\/v2\/posts\/22571","targetHints":{"allow":["GET"]}}],"collection":[{"href":"https:\/\/boletinsonora.com.mx\/index.php?rest_route=\/wp\/v2\/posts"}],"about":[{"href":"https:\/\/boletinsonora.com.mx\/index.php?rest_route=\/wp\/v2\/types\/post"}],"author":[{"embeddable":true,"href":"https:\/\/boletinsonora.com.mx\/index.php?rest_route=\/wp\/v2\/users\/13"}],"replies":[{"embeddable":true,"href":"https:\/\/boletinsonora.com.mx\/index.php?rest_route=%2Fwp%2Fv2%2Fcomments&post=22571"}],"version-history":[{"count":1,"href":"https:\/\/boletinsonora.com.mx\/index.php?rest_route=\/wp\/v2\/posts\/22571\/revisions"}],"predecessor-version":[{"id":22573,"href":"https:\/\/boletinsonora.com.mx\/index.php?rest_route=\/wp\/v2\/posts\/22571\/revisions\/22573"}],"wp:featuredmedia":[{"embeddable":true,"href":"https:\/\/boletinsonora.com.mx\/index.php?rest_route=\/wp\/v2\/media\/22572"}],"wp:attachment":[{"href":"https:\/\/boletinsonora.com.mx\/index.php?rest_route=%2Fwp%2Fv2%2Fmedia&parent=22571"}],"wp:term":[{"taxonomy":"category","embeddable":true,"href":"https:\/\/boletinsonora.com.mx\/index.php?rest_route=%2Fwp%2Fv2%2Fcategories&post=22571"},{"taxonomy":"post_tag","embeddable":true,"href":"https:\/\/boletinsonora.com.mx\/index.php?rest_route=%2Fwp%2Fv2%2Ftags&post=22571"}],"curies":[{"name":"wp","href":"https:\/\/api.w.org\/{rel}","templated":true}]}}