{"id":22574,"date":"2026-04-06T03:07:54","date_gmt":"2026-04-06T03:07:54","guid":{"rendered":"https:\/\/boletinsonora.com.mx\/?p=22574"},"modified":"2026-04-30T03:09:02","modified_gmt":"2026-04-30T03:09:02","slug":"sheinbaum-rechaza-senalamientos-del-ced-sobre-desapariciones","status":"publish","type":"post","link":"https:\/\/boletinsonora.com.mx\/?p=22574","title":{"rendered":"Sheinbaum rechaza se\u00f1alamientos del CED sobre desapariciones"},"content":{"rendered":"\n<p>La presidenta Claudia Sheinbaum respondi\u00f3 a los se\u00f1alamientos del Comit\u00e9 contra la Desaparici\u00f3n Forzada (CED) de la ONU, luego de que este organismo anunciara que llevar\u00e1 el caso de M\u00e9xico ante la Asamblea General de Naciones Unidas.<\/p>\n\n\n\n<p>La situaci\u00f3n escal\u00f3 al punto en que se activ\u00f3 el Art\u00edculo 34 de la Convenci\u00f3n Internacional.<\/p>\n\n\n\n<p>Desde Palacio Nacional, aclar\u00f3 que el rechazo al informe no implica un abandono en la&nbsp;<strong><a href=\"https:\/\/sipse.com\/mexico\/falta-datos-frena-busqueda-46-mil-desaparecidos-mexico-506460.html\" target=\"_blank\" rel=\"noreferrer noopener\">b\u00fasqueda de personas desaparecidas<\/a><\/strong>, sino una cr\u00edtica directa a las bases del documento, al que calific\u00f3 de metodol\u00f3gicamente cuestionable.<\/p>\n\n\n\n<h2 class=\"wp-block-heading\">CUESTIONA AN\u00c1LISIS Y ALCANCE DEL INFORME<\/h2>\n\n\n\n<p>Sheinbaum precis\u00f3 que el CED es un grupo de expertos vinculado a la ONU, pero no un \u00f3rgano directo de la organizaci\u00f3n, y centr\u00f3 su cr\u00edtica en la forma en que se elabor\u00f3 el informe.<\/p>\n\n\n\n<p>De acuerdo con la presidenta, el documento:<\/p>\n\n\n\n<ul class=\"wp-block-list\">\n<li>Analiza casos \u00fanicamente en cuatro estados del pa\u00eds<\/li>\n\n\n\n<li>Se basa en un periodo de 2009 a 2017, correspondiente a los gobiernos de Felipe Calder\u00f3n y Enrique Pe\u00f1a Nieto<\/li>\n\n\n\n<li>Extrapola esos datos hasta 2025, lo que, afirm\u00f3, no refleja la realidad actual<\/li>\n<\/ul>\n\n\n\n<h2 class=\"wp-block-heading\">DEBATE SOBRE LA DEFINICI\u00d3N DE DESAPARICI\u00d3N FORZADA<\/h2>\n\n\n\n<p>Otro de los puntos centrales en su posicionamiento fue la definici\u00f3n de desaparici\u00f3n forzada. Sheinbaum explic\u00f3 que, conforme a los propios estatutos internacionales, este delito implica la participaci\u00f3n directa del Estado, generalmente por motivos pol\u00edticos.<\/p>\n\n\n\n<p>Bajo ese criterio, sostuvo que el informe del CED no se ajusta a su propio marco normativo, ya que \u2014asegur\u00f3\u2014 el gobierno mexicano no tolera ni ordena este tipo de pr\u00e1cticas.<\/p>\n\n\n\n<h2 class=\"wp-block-heading\">ACUSA OMISIONES SOBRE AVANCES RECIENTES<\/h2>\n\n\n\n<p>La presidenta tambi\u00e9n se\u00f1al\u00f3 que el comit\u00e9 no tom\u00f3 en cuenta informaci\u00f3n enviada previamente por dependencias federales. Seg\u00fan explic\u00f3, tanto la Secretar\u00eda de Relaciones Exteriores como la Secretar\u00eda de Gobernaci\u00f3n remitieron datos sobre avances logrados desde 2019.<\/p>\n\n\n\n<p>Entre ellos, mencion\u00f3:<\/p>\n\n\n\n<ul class=\"wp-block-list\">\n<li>Reformas legislativas<\/li>\n\n\n\n<li>Trabajo coordinado con colectivos de b\u00fasqueda<\/li>\n\n\n\n<li>La consolidaci\u00f3n de la Comisi\u00f3n Nacional de B\u00fasqueda<\/li>\n<\/ul>\n\n\n\n<p>Finalmente, Sheinbaum marc\u00f3 distancia entre el rechazo al informe y las acciones del gobierno en materia de desapariciones y asegur\u00f3 que su administraci\u00f3n mantiene el trabajo con familias de personas desaparecidas, opera sistemas de alerta y tiene como objetivo erradicar este delito, el cual \u2014indic\u00f3\u2014 est\u00e1 mayormente vinculado al crimen organizado.<\/p>\n","protected":false},"excerpt":{"rendered":"<p>La presidenta Claudia Sheinbaum respondi\u00f3 a los se\u00f1alamientos del Comit\u00e9 contra la Desaparici\u00f3n Forzada (CED) de la ONU, luego de que este organismo anunciara que llevar\u00e1 el caso de M\u00e9xico ante la Asamblea General de Naciones Unidas. La situaci\u00f3n escal\u00f3 al punto en que se activ\u00f3 el Art\u00edculo 34 de la Convenci\u00f3n Internacional. Desde Palacio Nacional, aclar\u00f3 que el rechazo al informe no implica un abandono en la&nbsp;b\u00fasqueda de personas desaparecidas, sino una cr\u00edtica directa a las bases del documento, al que calific\u00f3 de metodol\u00f3gicamente cuestionable. CUESTIONA AN\u00c1LISIS Y ALCANCE DEL INFORME Sheinbaum precis\u00f3 que el CED es un grupo&#8230;<\/p>\n","protected":false},"author":13,"featured_media":22575,"comment_status":"closed","ping_status":"closed","sticky":false,"template":"","format":"standard","meta":{"footnotes":""},"categories":[36],"tags":[4528,441,3227],"class_list":["post-22574","post","type-post","status-publish","format-standard","has-post-thumbnail","hentry","category-internacional","tag-ced","tag-desapariciones","tag-senalamientos"],"acf":[],"_links":{"self":[{"href":"https:\/\/boletinsonora.com.mx\/index.php?rest_route=\/wp\/v2\/posts\/22574","targetHints":{"allow":["GET"]}}],"collection":[{"href":"https:\/\/boletinsonora.com.mx\/index.php?rest_route=\/wp\/v2\/posts"}],"about":[{"href":"https:\/\/boletinsonora.com.mx\/index.php?rest_route=\/wp\/v2\/types\/post"}],"author":[{"embeddable":true,"href":"https:\/\/boletinsonora.com.mx\/index.php?rest_route=\/wp\/v2\/users\/13"}],"replies":[{"embeddable":true,"href":"https:\/\/boletinsonora.com.mx\/index.php?rest_route=%2Fwp%2Fv2%2Fcomments&post=22574"}],"version-history":[{"count":1,"href":"https:\/\/boletinsonora.com.mx\/index.php?rest_route=\/wp\/v2\/posts\/22574\/revisions"}],"predecessor-version":[{"id":22576,"href":"https:\/\/boletinsonora.com.mx\/index.php?rest_route=\/wp\/v2\/posts\/22574\/revisions\/22576"}],"wp:featuredmedia":[{"embeddable":true,"href":"https:\/\/boletinsonora.com.mx\/index.php?rest_route=\/wp\/v2\/media\/22575"}],"wp:attachment":[{"href":"https:\/\/boletinsonora.com.mx\/index.php?rest_route=%2Fwp%2Fv2%2Fmedia&parent=22574"}],"wp:term":[{"taxonomy":"category","embeddable":true,"href":"https:\/\/boletinsonora.com.mx\/index.php?rest_route=%2Fwp%2Fv2%2Fcategories&post=22574"},{"taxonomy":"post_tag","embeddable":true,"href":"https:\/\/boletinsonora.com.mx\/index.php?rest_route=%2Fwp%2Fv2%2Ftags&post=22574"}],"curies":[{"name":"wp","href":"https:\/\/api.w.org\/{rel}","templated":true}]}}