{"id":22577,"date":"2026-04-06T03:11:27","date_gmt":"2026-04-06T03:11:27","guid":{"rendered":"https:\/\/boletinsonora.com.mx\/?p=22577"},"modified":"2026-04-30T03:12:51","modified_gmt":"2026-04-30T03:12:51","slug":"corte-avala-accion-de-la-uif-sobre-cuentas-ante-indicios","status":"publish","type":"post","link":"https:\/\/boletinsonora.com.mx\/?p=22577","title":{"rendered":"Corte avala acci\u00f3n de la UIF sobre cuentas ante \u201cindicios\u201d"},"content":{"rendered":"\n<p>La&nbsp;<strong>Suprema Corte de Justicia de la Naci\u00f3n (SCJN)<\/strong>&nbsp;determin\u00f3 que la&nbsp;<strong>Unidad de Inteligencia Financiera (UIF)<\/strong>&nbsp;puede&nbsp;<strong>bloquear cuentas bancarias sin orden judicial<\/strong>, al considerar constitucional esta facultad dentro del marco legal vigente.<\/p>\n\n\n\n<p>El fallo se bas\u00f3 en un proyecto elaborado por la ministra&nbsp;<strong>Loretta Ortiz Ahlf<\/strong>, el cual confirm\u00f3 la reforma de&nbsp;<strong>2022<\/strong>&nbsp;que otorga a la UIF un car\u00e1cter&nbsp;<strong>administrativo y no penal<\/strong>&nbsp;en este tipo de acciones.<\/p>\n\n\n\n<h2 class=\"wp-block-heading\">Decisi\u00f3n aprobada por mayor\u00eda<\/h2>\n\n\n\n<p>La resoluci\u00f3n fue respaldada por&nbsp;<strong>seis ministros<\/strong>, mientras que&nbsp;<strong>Yasm\u00edn Esquivel, Giovanni Figueroa y Ar\u00edstides Guerrero<\/strong>&nbsp;votaron en contra, al expresar dudas sobre el alcance de esta facultad.<\/p>\n\n\n\n<p>Durante la discusi\u00f3n, se cuestion\u00f3 que la UIF pueda incluir a personas en la lista de bloqueados&nbsp;<strong>con base en indicios de lavado de dinero o financiamiento al terrorismo<\/strong>, sin una orden judicial previa.<\/p>\n\n\n\n<h2 class=\"wp-block-heading\">Argumento: medida administrativa preventiva<\/h2>\n\n\n\n<p>La ponente defendi\u00f3 que el bloqueo de cuentas es una&nbsp;<strong>medida preventiva de car\u00e1cter administrativo<\/strong>, cuyo objetivo es proteger el sistema financiero y cumplir con est\u00e1ndares internacionales.<\/p>\n\n\n\n<p>Adem\u00e1s, sostuvo que las personas afectadas cuentan con&nbsp;<strong>derecho de audiencia<\/strong>, lo que les permite presentar pruebas para defenderse una vez aplicada la medida.<\/p>\n\n\n\n<h2 class=\"wp-block-heading\">Cr\u00edticas por posible afectaci\u00f3n a derechos<\/h2>\n\n\n\n<p>Algunos ministros se\u00f1alaron que esta facultad podr\u00eda generar preocupaciones en materia de&nbsp;<strong>seguridad jur\u00eddica y presunci\u00f3n de inocencia<\/strong>, al obligar a los afectados a demostrar que no han cometido irregularidades.<\/p>\n\n\n\n<p>El ministro&nbsp;<strong>Giovanni Figueroa<\/strong>&nbsp;cuestion\u00f3 que los ciudadanos deban probar su inocencia&nbsp;<strong>\u201csin las reglas, tiempos ni garant\u00edas propias de un proceso penal\u201d<\/strong>, lo que evidenci\u00f3 la divisi\u00f3n dentro del pleno.<\/p>\n\n\n\n<h2 class=\"wp-block-heading\">Cambio de criterio en la Corte<\/h2>\n\n\n\n<p>La decisi\u00f3n marca un cambio relevante respecto a criterios previos del m\u00e1ximo tribunal, al fortalecer las facultades de la UIF para actuar con base en&nbsp;<strong>inteligencia financiera y prevenci\u00f3n de delitos<\/strong>.<\/p>\n\n\n\n<p>Este nuevo enfoque permite que la autoridad intervenga sin necesidad de autorizaci\u00f3n judicial previa, en casos donde existan se\u00f1ales de operaciones irregulares.<\/p>\n\n\n\n<h2 class=\"wp-block-heading\">Efectos en el sistema financiero<\/h2>\n\n\n\n<p>El fallo refuerza el papel de la UIF como un actor clave en el combate al&nbsp;<strong>lavado de dinero y financiamiento il\u00edcito<\/strong>, al ampliar sus herramientas de actuaci\u00f3n.<\/p>\n\n\n\n<p>Al mismo tiempo, la resoluci\u00f3n abre una discusi\u00f3n sobre el equilibrio entre la&nbsp;<strong>prevenci\u00f3n de delitos financieros<\/strong>&nbsp;y la protecci\u00f3n de los derechos de los ciudadanos dentro del sistema bancario.<\/p>\n","protected":false},"excerpt":{"rendered":"<p>La&nbsp;Suprema Corte de Justicia de la Naci\u00f3n (SCJN)&nbsp;determin\u00f3 que la&nbsp;Unidad de Inteligencia Financiera (UIF)&nbsp;puede&nbsp;bloquear cuentas bancarias sin orden judicial, al considerar constitucional esta facultad dentro del marco legal vigente. El fallo se bas\u00f3 en un proyecto elaborado por la ministra&nbsp;Loretta Ortiz Ahlf, el cual confirm\u00f3 la reforma de&nbsp;2022&nbsp;que otorga a la UIF un car\u00e1cter&nbsp;administrativo y no penal&nbsp;en este tipo de acciones. Decisi\u00f3n aprobada por mayor\u00eda La resoluci\u00f3n fue respaldada por&nbsp;seis ministros, mientras que&nbsp;Yasm\u00edn Esquivel, Giovanni Figueroa y Ar\u00edstides Guerrero&nbsp;votaron en contra, al expresar dudas sobre el alcance de esta facultad. Durante la discusi\u00f3n, se cuestion\u00f3 que la UIF pueda incluir&#8230;<\/p>\n","protected":false},"author":13,"featured_media":22578,"comment_status":"closed","ping_status":"closed","sticky":false,"template":"","format":"standard","meta":{"footnotes":""},"categories":[38],"tags":[3867,162],"class_list":["post-22577","post","type-post","status-publish","format-standard","has-post-thumbnail","hentry","category-economia","tag-cuentas-bancarias","tag-uif"],"acf":[],"_links":{"self":[{"href":"https:\/\/boletinsonora.com.mx\/index.php?rest_route=\/wp\/v2\/posts\/22577","targetHints":{"allow":["GET"]}}],"collection":[{"href":"https:\/\/boletinsonora.com.mx\/index.php?rest_route=\/wp\/v2\/posts"}],"about":[{"href":"https:\/\/boletinsonora.com.mx\/index.php?rest_route=\/wp\/v2\/types\/post"}],"author":[{"embeddable":true,"href":"https:\/\/boletinsonora.com.mx\/index.php?rest_route=\/wp\/v2\/users\/13"}],"replies":[{"embeddable":true,"href":"https:\/\/boletinsonora.com.mx\/index.php?rest_route=%2Fwp%2Fv2%2Fcomments&post=22577"}],"version-history":[{"count":1,"href":"https:\/\/boletinsonora.com.mx\/index.php?rest_route=\/wp\/v2\/posts\/22577\/revisions"}],"predecessor-version":[{"id":22579,"href":"https:\/\/boletinsonora.com.mx\/index.php?rest_route=\/wp\/v2\/posts\/22577\/revisions\/22579"}],"wp:featuredmedia":[{"embeddable":true,"href":"https:\/\/boletinsonora.com.mx\/index.php?rest_route=\/wp\/v2\/media\/22578"}],"wp:attachment":[{"href":"https:\/\/boletinsonora.com.mx\/index.php?rest_route=%2Fwp%2Fv2%2Fmedia&parent=22577"}],"wp:term":[{"taxonomy":"category","embeddable":true,"href":"https:\/\/boletinsonora.com.mx\/index.php?rest_route=%2Fwp%2Fv2%2Fcategories&post=22577"},{"taxonomy":"post_tag","embeddable":true,"href":"https:\/\/boletinsonora.com.mx\/index.php?rest_route=%2Fwp%2Fv2%2Ftags&post=22577"}],"curies":[{"name":"wp","href":"https:\/\/api.w.org\/{rel}","templated":true}]}}