{"id":22586,"date":"2026-04-07T13:49:42","date_gmt":"2026-04-07T13:49:42","guid":{"rendered":"https:\/\/boletinsonora.com.mx\/?p=22586"},"modified":"2026-04-30T13:51:00","modified_gmt":"2026-04-30T13:51:00","slug":"senado-da-la-bienvenida-a-roberto-velasco-como-nuevo-titular-de-la-sre","status":"publish","type":"post","link":"https:\/\/boletinsonora.com.mx\/?p=22586","title":{"rendered":"Senado da la bienvenida a Roberto Velasco como nuevo titular de la SRE"},"content":{"rendered":"\n<p>El Senado de la Rep\u00fablica recibi\u00f3 este martes al nuevo&nbsp;<strong><a href=\"https:\/\/sipse.com\/mexico\/juan-ramon-de-la-fuente-sale-de-la-sre-se-perfila-nuevo-titular-506763.html\" target=\"_blank\" rel=\"noreferrer noopener\">titular de la Secretar\u00eda de Relaciones Exteriores (SRE)<\/a><\/strong>, Roberto Velasco \u00c1lvarez, quien sostuvo un encuentro con integrantes de la Junta de Coordinaci\u00f3n Pol\u00edtica tras su designaci\u00f3n.<\/p>\n\n\n\n<p>El nombramiento, impulsado por la presidenta Claudia Sheinbaum, ya fue turnado al Senado de la Rep\u00fablica, donde se prev\u00e9 que el funcionario sea ratificado en comisiones este 7 de abril y rinda protesta ante el Pleno el mi\u00e9rcoles, con lo que asumir\u00eda formalmente como canciller de M\u00e9xico.<\/p>\n\n\n\n<p>Durante la sesi\u00f3n de este martes por la tarde, se inform\u00f3 oficialmente al Pleno sobre la recepci\u00f3n del oficio con la propuesta presidencial, marcando el inicio del proceso legislativo para su confirmaci\u00f3n.<\/p>\n\n\n\n<h2 class=\"wp-block-heading\">Relevo en la pol\u00edtica exterior<\/h2>\n\n\n\n<p>La designaci\u00f3n de Velasco \u00c1lvarez ocurre tras la salida de Juan Ram\u00f3n de la Fuente, quien dej\u00f3 el cargo por motivos de salud, seg\u00fan inform\u00f3 la propia mandataria el 1 de abril en redes sociales.<\/p>\n\n\n\n<blockquote class=\"wp-block-quote is-layout-flow wp-block-quote-is-layout-flow\">\n<p><em>\u201cJuan Ram\u00f3n de la Fuente tom\u00f3 la decisi\u00f3n de dejar el cargo de secretario de Relaciones Exteriores por motivos de salud. Es parte de nuestro proyecto y, cuando termine su rehabilitaci\u00f3n, se reincorporar\u00e1 con nosotros en otra tarea. He decidido proponer al Senado de la Rep\u00fablica al Maestro Roberto Velasco \u00c1lvarez como canciller. Roberto nos ha acompa\u00f1ado hasta ahora como subsecretario para Am\u00e9rica del Norte\u201d,<\/em>&nbsp;explic\u00f3 Sheinbaum en aquel momento.<\/p>\n<\/blockquote>\n\n\n\n<h2 class=\"wp-block-heading\">Compromiso con M\u00e9xico en el exterior<\/h2>\n\n\n\n<p>Tras su nombramiento, Velasco \u00c1lvarez agradeci\u00f3 la confianza de la mandataria mexicana y reconoci\u00f3 la labor de su antecesor.<\/p>\n\n\n\n<blockquote class=\"wp-block-quote is-layout-flow wp-block-quote-is-layout-flow\">\n<p><em>\u201cAgradezco profundamente la confianza de la presidenta por designarme como secretario de Relaciones Exteriores. Al dr. Juan Ram\u00f3n de la Fuente, mi m\u00e1s alta consideraci\u00f3n y reconocimiento por el trabajo realizado al frente de la SRE\u201d, declar\u00f3 en X (antes Twitter).&nbsp;<\/em><\/p>\n<\/blockquote>\n\n\n\n<p>Asimismo, afirm\u00f3 que dar\u00e1 continuidad a la pol\u00edtica exterior bajo el liderazgo presidencial:<\/p>\n\n\n\n<blockquote class=\"wp-block-quote is-layout-flow wp-block-quote-is-layout-flow\">\n<p><em>\u201cContinuar\u00e9 trabajando bajo el liderazgo de la presidenta en la promoci\u00f3n de los intereses de M\u00e9xico en el mundo y, sobre todo, en la defensa y protecci\u00f3n de nuestras y nuestros connacionales en el exterior\u201d.<\/em><\/p>\n<\/blockquote>\n","protected":false},"excerpt":{"rendered":"<p>El Senado de la Rep\u00fablica recibi\u00f3 este martes al nuevo&nbsp;titular de la Secretar\u00eda de Relaciones Exteriores (SRE), Roberto Velasco \u00c1lvarez, quien sostuvo un encuentro con integrantes de la Junta de Coordinaci\u00f3n Pol\u00edtica tras su designaci\u00f3n. El nombramiento, impulsado por la presidenta Claudia Sheinbaum, ya fue turnado al Senado de la Rep\u00fablica, donde se prev\u00e9 que el funcionario sea ratificado en comisiones este 7 de abril y rinda protesta ante el Pleno el mi\u00e9rcoles, con lo que asumir\u00eda formalmente como canciller de M\u00e9xico. Durante la sesi\u00f3n de este martes por la tarde, se inform\u00f3 oficialmente al Pleno sobre la recepci\u00f3n del&#8230;<\/p>\n","protected":false},"author":13,"featured_media":22587,"comment_status":"closed","ping_status":"closed","sticky":false,"template":"","format":"standard","meta":{"footnotes":""},"categories":[37],"tags":[4529,665,4530],"class_list":["post-22586","post","type-post","status-publish","format-standard","has-post-thumbnail","hentry","category-politica","tag-roberto-velasco","tag-senado","tag-titular-sre"],"acf":[],"_links":{"self":[{"href":"https:\/\/boletinsonora.com.mx\/index.php?rest_route=\/wp\/v2\/posts\/22586","targetHints":{"allow":["GET"]}}],"collection":[{"href":"https:\/\/boletinsonora.com.mx\/index.php?rest_route=\/wp\/v2\/posts"}],"about":[{"href":"https:\/\/boletinsonora.com.mx\/index.php?rest_route=\/wp\/v2\/types\/post"}],"author":[{"embeddable":true,"href":"https:\/\/boletinsonora.com.mx\/index.php?rest_route=\/wp\/v2\/users\/13"}],"replies":[{"embeddable":true,"href":"https:\/\/boletinsonora.com.mx\/index.php?rest_route=%2Fwp%2Fv2%2Fcomments&post=22586"}],"version-history":[{"count":1,"href":"https:\/\/boletinsonora.com.mx\/index.php?rest_route=\/wp\/v2\/posts\/22586\/revisions"}],"predecessor-version":[{"id":22588,"href":"https:\/\/boletinsonora.com.mx\/index.php?rest_route=\/wp\/v2\/posts\/22586\/revisions\/22588"}],"wp:featuredmedia":[{"embeddable":true,"href":"https:\/\/boletinsonora.com.mx\/index.php?rest_route=\/wp\/v2\/media\/22587"}],"wp:attachment":[{"href":"https:\/\/boletinsonora.com.mx\/index.php?rest_route=%2Fwp%2Fv2%2Fmedia&parent=22586"}],"wp:term":[{"taxonomy":"category","embeddable":true,"href":"https:\/\/boletinsonora.com.mx\/index.php?rest_route=%2Fwp%2Fv2%2Fcategories&post=22586"},{"taxonomy":"post_tag","embeddable":true,"href":"https:\/\/boletinsonora.com.mx\/index.php?rest_route=%2Fwp%2Fv2%2Ftags&post=22586"}],"curies":[{"name":"wp","href":"https:\/\/api.w.org\/{rel}","templated":true}]}}