{"id":22627,"date":"2026-04-14T01:05:56","date_gmt":"2026-04-14T01:05:56","guid":{"rendered":"https:\/\/boletinsonora.com.mx\/?p=22627"},"modified":"2026-05-01T01:07:26","modified_gmt":"2026-05-01T01:07:26","slug":"profeco-desmiente-alza-en-tortilla-y-refuerza-vigilancia-del-mercado","status":"publish","type":"post","link":"https:\/\/boletinsonora.com.mx\/?p=22627","title":{"rendered":"Profeco desmiente alza en tortilla y refuerza vigilancia del mercado"},"content":{"rendered":"\n<p>La Procuradur\u00eda Federal del Consumidor (Profeco) rechaz\u00f3 que exista un aumento en el precio de la tortilla en el pa\u00eds y calific\u00f3 como&nbsp;<strong>falsas las versiones que advierten un encarecimiento del producto<\/strong>, al asegurar que los costos del ma\u00edz y la harina se mantienen estables.<\/p>\n\n\n\n<p>En coordinaci\u00f3n con la Secretar\u00eda de Agricultura y Desarrollo Rural, la dependencia sostuvo que&nbsp;<strong>no hay elementos que justifiquen un alza en uno de los alimentos b\u00e1sicos de la dieta mexicana<\/strong>, desmintiendo as\u00ed reportes que circulaban en distintos espacios informativos.<\/p>\n\n\n\n<h2 class=\"wp-block-heading\">Vigilancia activa en tortiller\u00edas<\/h2>\n\n\n\n<p>Como parte de las acciones para proteger a los consumidores, la Profeco mantiene un monitoreo constante en&nbsp;<strong>603 tortiller\u00edas a nivel nacional<\/strong>, a trav\u00e9s del programa \u201cQui\u00e9n es Qui\u00e9n en los Precios\u201d.<\/p>\n\n\n\n<p>Este seguimiento busca detectar posibles abusos y garantizar que los establecimientos&nbsp;<strong>no eleven los precios sin justificaci\u00f3n<\/strong>, especialmente en un contexto donde el producto es esencial para millones de familias.<\/p>\n\n\n\n<h2 class=\"wp-block-heading\">Contraste con versiones del sector<\/h2>\n\n\n\n<p>La postura oficial contrasta con advertencias previas desde el sector industrial, donde se hab\u00eda se\u00f1alado la posibilidad de incrementos debido a factores como&nbsp;<strong>costos operativos, transporte o energ\u00e9ticos<\/strong>.<\/p>\n\n\n\n<p>Sin embargo, el gobierno federal ha insistido en que los precios de los insumos clave&nbsp;<strong>no han registrado aumentos significativos<\/strong>, por lo que cualquier ajuste en el precio final ser\u00eda injustificado.<\/p>\n\n\n\n<h2 class=\"wp-block-heading\">Mensaje para el mercado<\/h2>\n\n\n\n<p>Las autoridades reiteraron que continuar\u00e1n con la supervisi\u00f3n para evitar irregularidades y&nbsp;<strong>proteger el poder adquisitivo de los consumidores<\/strong>, dejando claro que no permitir\u00e1n incrementos sin sustento.<\/p>\n\n\n\n<p>Adem\u00e1s, el posicionamiento busca frenar la desinformaci\u00f3n en torno a un producto altamente sensible en la econom\u00eda cotidiana, donde cualquier variaci\u00f3n genera preocupaci\u00f3n inmediata.<\/p>\n","protected":false},"excerpt":{"rendered":"<p>La Procuradur\u00eda Federal del Consumidor (Profeco) rechaz\u00f3 que exista un aumento en el precio de la tortilla en el pa\u00eds y calific\u00f3 como&nbsp;falsas las versiones que advierten un encarecimiento del producto, al asegurar que los costos del ma\u00edz y la harina se mantienen estables. En coordinaci\u00f3n con la Secretar\u00eda de Agricultura y Desarrollo Rural, la dependencia sostuvo que&nbsp;no hay elementos que justifiquen un alza en uno de los alimentos b\u00e1sicos de la dieta mexicana, desmintiendo as\u00ed reportes que circulaban en distintos espacios informativos. Vigilancia activa en tortiller\u00edas Como parte de las acciones para proteger a los consumidores, la Profeco mantiene&#8230;<\/p>\n","protected":false},"author":13,"featured_media":22628,"comment_status":"closed","ping_status":"closed","sticky":false,"template":"","format":"standard","meta":{"footnotes":""},"categories":[38],"tags":[4544,2714],"class_list":["post-22627","post","type-post","status-publish","format-standard","has-post-thumbnail","hentry","category-economia","tag-alza-de-la-tortilla","tag-mercado"],"acf":[],"_links":{"self":[{"href":"https:\/\/boletinsonora.com.mx\/index.php?rest_route=\/wp\/v2\/posts\/22627","targetHints":{"allow":["GET"]}}],"collection":[{"href":"https:\/\/boletinsonora.com.mx\/index.php?rest_route=\/wp\/v2\/posts"}],"about":[{"href":"https:\/\/boletinsonora.com.mx\/index.php?rest_route=\/wp\/v2\/types\/post"}],"author":[{"embeddable":true,"href":"https:\/\/boletinsonora.com.mx\/index.php?rest_route=\/wp\/v2\/users\/13"}],"replies":[{"embeddable":true,"href":"https:\/\/boletinsonora.com.mx\/index.php?rest_route=%2Fwp%2Fv2%2Fcomments&post=22627"}],"version-history":[{"count":1,"href":"https:\/\/boletinsonora.com.mx\/index.php?rest_route=\/wp\/v2\/posts\/22627\/revisions"}],"predecessor-version":[{"id":22629,"href":"https:\/\/boletinsonora.com.mx\/index.php?rest_route=\/wp\/v2\/posts\/22627\/revisions\/22629"}],"wp:featuredmedia":[{"embeddable":true,"href":"https:\/\/boletinsonora.com.mx\/index.php?rest_route=\/wp\/v2\/media\/22628"}],"wp:attachment":[{"href":"https:\/\/boletinsonora.com.mx\/index.php?rest_route=%2Fwp%2Fv2%2Fmedia&parent=22627"}],"wp:term":[{"taxonomy":"category","embeddable":true,"href":"https:\/\/boletinsonora.com.mx\/index.php?rest_route=%2Fwp%2Fv2%2Fcategories&post=22627"},{"taxonomy":"post_tag","embeddable":true,"href":"https:\/\/boletinsonora.com.mx\/index.php?rest_route=%2Fwp%2Fv2%2Ftags&post=22627"}],"curies":[{"name":"wp","href":"https:\/\/api.w.org\/{rel}","templated":true}]}}