{"id":22630,"date":"2026-04-14T01:08:03","date_gmt":"2026-04-14T01:08:03","guid":{"rendered":"https:\/\/boletinsonora.com.mx\/?p=22630"},"modified":"2026-05-01T01:09:21","modified_gmt":"2026-05-01T01:09:21","slug":"cambios-electorales-de-sheinbaum-ya-son-constitucionales","status":"publish","type":"post","link":"https:\/\/boletinsonora.com.mx\/?p=22630","title":{"rendered":"Cambios electorales de Sheinbaum ya son constitucionales"},"content":{"rendered":"\n<p>La C\u00e1mara de Diputados declar\u00f3 constitucional el llamado plan B de la reforma electoral impulsada por&nbsp;Claudia Sheinbaum, luego de que la iniciativa fuera aprobada por la mayor\u00eda de los congresos estatales del pa\u00eds.<\/p>\n\n\n\n<p>Con este paso, la reforma supera una fase clave del proceso legislativo, al cumplir con el requisito constitucional de ser avalada por al menos 17 legislaturas locales, lo que permite su formalizaci\u00f3n dentro del marco jur\u00eddico nacional.<\/p>\n\n\n\n<h2 class=\"wp-block-heading\">Ajustes enfocados en austeridad<\/h2>\n\n\n\n<p>El plan contempla una serie de modificaciones orientadas a&nbsp;<strong>reducir costos en el sistema pol\u00edtico<\/strong>, particularmente en ayuntamientos y congresos estatales, mediante la disminuci\u00f3n de estructuras y recursos p\u00fablicos.<\/p>\n\n\n\n<p>Entre los puntos centrales se incluye la&nbsp;<strong>reducci\u00f3n del n\u00famero de regidur\u00edas<\/strong>, as\u00ed como ajustes en los presupuestos de los congresos locales y la imposici\u00f3n de&nbsp;<strong>l\u00edmites salariales a funcionarios electorales<\/strong>, con el objetivo de evitar excesos en el gasto p\u00fablico.<\/p>\n\n\n\n<h2 class=\"wp-block-heading\">Respaldo pol\u00edtico y tensiones<\/h2>\n\n\n\n<p>La reforma fue impulsada por el bloque oficialista encabezado por Morena y sus aliados, quienes defendieron que estos cambios buscan&nbsp;<strong>eliminar privilegios y hacer m\u00e1s eficiente el uso de recursos p\u00fablicos<\/strong>.<\/p>\n\n\n\n<p>No obstante, el proceso no estuvo exento de tensiones, ya que algunos sectores pol\u00edticos han manifestado dudas sobre el alcance de la iniciativa, particularmente en lo relacionado con la&nbsp;<strong>autonom\u00eda de los gobiernos locales y el equilibrio del sistema federal<\/strong>.<\/p>\n\n\n\n<h2 class=\"wp-block-heading\">Ruta de implementaci\u00f3n<\/h2>\n\n\n\n<p>Con la declaratoria de constitucionalidad, el siguiente paso ser\u00e1 la&nbsp;<strong>publicaci\u00f3n oficial de la reforma<\/strong>, lo que permitir\u00e1 su entrada en vigor y posterior aplicaci\u00f3n en los procesos electorales conforme a lo establecido en la legislaci\u00f3n.<\/p>\n\n\n\n<p>El plan B representa una versi\u00f3n ajustada de la propuesta original de reforma electoral, enfocada en medidas de austeridad y reorganizaci\u00f3n institucional, tras no alcanzar consenso en su planteamiento inicial m\u00e1s amplio.<\/p>\n","protected":false},"excerpt":{"rendered":"<p>La C\u00e1mara de Diputados declar\u00f3 constitucional el llamado plan B de la reforma electoral impulsada por&nbsp;Claudia Sheinbaum, luego de que la iniciativa fuera aprobada por la mayor\u00eda de los congresos estatales del pa\u00eds. Con este paso, la reforma supera una fase clave del proceso legislativo, al cumplir con el requisito constitucional de ser avalada por al menos 17 legislaturas locales, lo que permite su formalizaci\u00f3n dentro del marco jur\u00eddico nacional. Ajustes enfocados en austeridad El plan contempla una serie de modificaciones orientadas a&nbsp;reducir costos en el sistema pol\u00edtico, particularmente en ayuntamientos y congresos estatales, mediante la disminuci\u00f3n de estructuras y&#8230;<\/p>\n","protected":false},"author":13,"featured_media":22631,"comment_status":"closed","ping_status":"closed","sticky":false,"template":"","format":"standard","meta":{"footnotes":""},"categories":[37],"tags":[4545],"class_list":["post-22630","post","type-post","status-publish","format-standard","has-post-thumbnail","hentry","category-politica","tag-cambios-electorales"],"acf":[],"_links":{"self":[{"href":"https:\/\/boletinsonora.com.mx\/index.php?rest_route=\/wp\/v2\/posts\/22630","targetHints":{"allow":["GET"]}}],"collection":[{"href":"https:\/\/boletinsonora.com.mx\/index.php?rest_route=\/wp\/v2\/posts"}],"about":[{"href":"https:\/\/boletinsonora.com.mx\/index.php?rest_route=\/wp\/v2\/types\/post"}],"author":[{"embeddable":true,"href":"https:\/\/boletinsonora.com.mx\/index.php?rest_route=\/wp\/v2\/users\/13"}],"replies":[{"embeddable":true,"href":"https:\/\/boletinsonora.com.mx\/index.php?rest_route=%2Fwp%2Fv2%2Fcomments&post=22630"}],"version-history":[{"count":1,"href":"https:\/\/boletinsonora.com.mx\/index.php?rest_route=\/wp\/v2\/posts\/22630\/revisions"}],"predecessor-version":[{"id":22632,"href":"https:\/\/boletinsonora.com.mx\/index.php?rest_route=\/wp\/v2\/posts\/22630\/revisions\/22632"}],"wp:featuredmedia":[{"embeddable":true,"href":"https:\/\/boletinsonora.com.mx\/index.php?rest_route=\/wp\/v2\/media\/22631"}],"wp:attachment":[{"href":"https:\/\/boletinsonora.com.mx\/index.php?rest_route=%2Fwp%2Fv2%2Fmedia&parent=22630"}],"wp:term":[{"taxonomy":"category","embeddable":true,"href":"https:\/\/boletinsonora.com.mx\/index.php?rest_route=%2Fwp%2Fv2%2Fcategories&post=22630"},{"taxonomy":"post_tag","embeddable":true,"href":"https:\/\/boletinsonora.com.mx\/index.php?rest_route=%2Fwp%2Fv2%2Ftags&post=22630"}],"curies":[{"name":"wp","href":"https:\/\/api.w.org\/{rel}","templated":true}]}}