{"id":22694,"date":"2026-04-03T02:28:44","date_gmt":"2026-04-03T02:28:44","guid":{"rendered":"https:\/\/boletinsonora.com.mx\/?p=22694"},"modified":"2026-05-01T02:29:55","modified_gmt":"2026-05-01T02:29:55","slug":"ecuador-impone-estado-de-excepcion-en-nueve-provincias-por-seguridad","status":"publish","type":"post","link":"https:\/\/boletinsonora.com.mx\/?p=22694","title":{"rendered":"Ecuador impone estado de excepci\u00f3n en nueve provincias por seguridad"},"content":{"rendered":"\n<p>El gobierno de Ecuador ha anunciado&nbsp;<strong>un nuevo estado de excepci\u00f3n en nueve de sus provincias<\/strong>, en respuesta a una \u201cgrave conmoci\u00f3n interna\u201d provocada por la violencia y la criminalidad que contin\u00faan afectando al pa\u00eds.<\/p>\n\n\n\n<p>La medida, firmada por el presidente Daniel Noboa, tendr\u00e1 una vigencia de 60 d\u00edas y contempla la restricci\u00f3n de derechos como la inviolabilidad del domicilio y la correspondencia. Esto permitir\u00e1 a las fuerzas de seguridad ejecutar allanamientos inmediatos sin orden judicial en casos de amenazas en curso o inminentes, de acuerdo con el decreto oficial.<\/p>\n\n\n\n<p>Asimismo, el gobierno autoriz\u00f3 la requisici\u00f3n temporal de bienes y servicios necesarios para fortalecer las operaciones de la fuerza p\u00fablica, en un intento por contener el avance de grupos criminales.<\/p>\n\n\n\n<h2 class=\"wp-block-heading\">Concluye toque de queda en cuatro provincias&nbsp;<\/h2>\n\n\n\n<p>El decreto se produce apenas tres d\u00edas despu\u00e9s de que concluyera un toque de queda en cuatro provincias, una medida que, seg\u00fan autoridades, logr\u00f3 reducir en un 28% las muertes violentas durante marzo.&nbsp;<\/p>\n\n\n\n<p>No obstante, el mandatario ecuatoriano reconoce que, pese a esta disminuci\u00f3n, el pa\u00eds sigue enfrentando un escenario de \u201cviolencia armada estructurada persistente\u201d que rebasa las capacidades del Estado bajo condiciones normales.<\/p>\n\n\n\n<h2 class=\"wp-block-heading\">Ola de violencia en Ecuador<\/h2>\n\n\n\n<p>En los \u00faltimos cinco a\u00f1os, Ecuador ha experimentado un aumento sostenido de la violencia, impulsado por la expansi\u00f3n de bandas criminales vinculadas a c\u00e1rteles de narcotr\u00e1fico internacionales. Esta situaci\u00f3n deriv\u00f3 en un r\u00e9cord de 9 mil homicidios al cierre de 2025.<\/p>\n\n\n\n<p>Cabe recordar que en 2024, la administraci\u00f3n de Daniel Noboa declar\u00f3 la existencia de un conflicto armado interno, lo que dio pie a una serie de estados de excepci\u00f3n que se han repetido desde entonces. Estas medidas, sin embargo, han sido objeto de cuestionamientos por parte de especialistas y organismos defensores de derechos humanos, que advierten sobre posibles excesos y afectaciones a las garant\u00edas fundamentales.<\/p>\n","protected":false},"excerpt":{"rendered":"<p>El gobierno de Ecuador ha anunciado&nbsp;un nuevo estado de excepci\u00f3n en nueve de sus provincias, en respuesta a una \u201cgrave conmoci\u00f3n interna\u201d provocada por la violencia y la criminalidad que contin\u00faan afectando al pa\u00eds. La medida, firmada por el presidente Daniel Noboa, tendr\u00e1 una vigencia de 60 d\u00edas y contempla la restricci\u00f3n de derechos como la inviolabilidad del domicilio y la correspondencia. Esto permitir\u00e1 a las fuerzas de seguridad ejecutar allanamientos inmediatos sin orden judicial en casos de amenazas en curso o inminentes, de acuerdo con el decreto oficial. Asimismo, el gobierno autoriz\u00f3 la requisici\u00f3n temporal de bienes y servicios&#8230;<\/p>\n","protected":false},"author":13,"featured_media":22695,"comment_status":"closed","ping_status":"closed","sticky":false,"template":"","format":"standard","meta":{"footnotes":""},"categories":[36],"tags":[295,4561,107],"class_list":["post-22694","post","type-post","status-publish","format-standard","has-post-thumbnail","hentry","category-internacional","tag-ecuador","tag-estado-de-excepcion","tag-seguridad"],"acf":[],"_links":{"self":[{"href":"https:\/\/boletinsonora.com.mx\/index.php?rest_route=\/wp\/v2\/posts\/22694","targetHints":{"allow":["GET"]}}],"collection":[{"href":"https:\/\/boletinsonora.com.mx\/index.php?rest_route=\/wp\/v2\/posts"}],"about":[{"href":"https:\/\/boletinsonora.com.mx\/index.php?rest_route=\/wp\/v2\/types\/post"}],"author":[{"embeddable":true,"href":"https:\/\/boletinsonora.com.mx\/index.php?rest_route=\/wp\/v2\/users\/13"}],"replies":[{"embeddable":true,"href":"https:\/\/boletinsonora.com.mx\/index.php?rest_route=%2Fwp%2Fv2%2Fcomments&post=22694"}],"version-history":[{"count":1,"href":"https:\/\/boletinsonora.com.mx\/index.php?rest_route=\/wp\/v2\/posts\/22694\/revisions"}],"predecessor-version":[{"id":22696,"href":"https:\/\/boletinsonora.com.mx\/index.php?rest_route=\/wp\/v2\/posts\/22694\/revisions\/22696"}],"wp:featuredmedia":[{"embeddable":true,"href":"https:\/\/boletinsonora.com.mx\/index.php?rest_route=\/wp\/v2\/media\/22695"}],"wp:attachment":[{"href":"https:\/\/boletinsonora.com.mx\/index.php?rest_route=%2Fwp%2Fv2%2Fmedia&parent=22694"}],"wp:term":[{"taxonomy":"category","embeddable":true,"href":"https:\/\/boletinsonora.com.mx\/index.php?rest_route=%2Fwp%2Fv2%2Fcategories&post=22694"},{"taxonomy":"post_tag","embeddable":true,"href":"https:\/\/boletinsonora.com.mx\/index.php?rest_route=%2Fwp%2Fv2%2Ftags&post=22694"}],"curies":[{"name":"wp","href":"https:\/\/api.w.org\/{rel}","templated":true}]}}