{"id":22706,"date":"2026-04-14T02:38:01","date_gmt":"2026-04-14T02:38:01","guid":{"rendered":"https:\/\/boletinsonora.com.mx\/?p=22706"},"modified":"2026-05-01T02:39:23","modified_gmt":"2026-05-01T02:39:23","slug":"en-berlin-zelenskyy-solicita-respaldo-adicional-a-alemania","status":"publish","type":"post","link":"https:\/\/boletinsonora.com.mx\/?p=22706","title":{"rendered":"En Berl\u00edn, Zelenskyy solicita respaldo adicional a Alemania"},"content":{"rendered":"\n<p>El presidente de Ucrania, Volodymyr Zelenskyy, aterriz\u00f3 este martes en Berl\u00edn en un momento crucial para el futuro de la guerra, con un mensaje claro: su pa\u00eds necesita m\u00e1s apoyo para sostener su resistencia frente a Rusia.&nbsp;<\/p>\n\n\n\n<p>La reuni\u00f3n con el canciller alem\u00e1n Friedrich Merz exhibe la urgencia de Kiev por consolidar alianzas en Europa, mientras el conflicto entra en su quinto a\u00f1o sin una salida clara.<\/p>\n\n\n\n<h2 class=\"wp-block-heading\">REUNIONES UCRANIA-ALEMANIA<\/h2>\n\n\n\n<p>Alemania, uno de los principales respaldos de Ucrania, no solo refuerza el frente pol\u00edtico.&nbsp;<\/p>\n\n\n\n<p>En paralelo, el ministro de Defensa alem\u00e1n, Boris Pistorius, sostuvo conversaciones con su hom\u00f3logo ucraniano Mykhailo Fedorov, figura importante en la transformaci\u00f3n tecnol\u00f3gica del ej\u00e9rcito ucraniano, particularmente en el desarrollo de drones militares que han cambiado la din\u00e1mica del campo de batalla.<\/p>\n\n\n\n<h2 class=\"wp-block-heading\">CONTIN\u00daA LA PRESI\u00d3N POR PARTE DE ESTADOS UNIDOS<\/h2>\n\n\n\n<p>Mientras tanto, el impulso diplom\u00e1tico liderado por Estados Unidos parece perder fuerza. La atenci\u00f3n de la administraci\u00f3n de Donald Trump se ha desplazado hacia el conflicto con Ir\u00e1n, lo que genera inquietud en Kiev. Aun as\u00ed, Washington insiste en que seguir\u00e1 presionando por una soluci\u00f3n negociada, seg\u00fan expres\u00f3 la diplom\u00e1tica Tammy Bruce ante el Consejo de Seguridad de la ONU.<\/p>\n\n\n\n<p>En el terreno militar, el panorama es m\u00e1s complejo. Analistas occidentales se\u00f1alan que Ucrania ha logrado contener una ofensiva rusa reciente, aprovechando condiciones estacionales y una creciente capacidad tecnol\u00f3gica. De hecho, los drones y misiles de largo alcance desarrollados por Kiev han impactado infraestructura estrat\u00e9gica dentro de Rusia, marcando un giro en la capacidad ofensiva ucraniana.<\/p>\n\n\n\n<h2 class=\"wp-block-heading\">\u00bfUN BUEN MOMENTO PARA UCRANIA?<\/h2>\n\n\n\n<p>El presidente finland\u00e9s, Alexander Stubb, fue contundente al asegurar que Ucrania atraviesa uno de sus mejores momentos desde el inicio de la guerra, incluso con ventaja en ciertos aspectos militares. Sin embargo, el conflicto sigue lejos de resolverse: Rusia mantiene el control de aproximadamente el 20% del territorio ucraniano, incluida Crimea, anexada en 2014.<\/p>\n\n\n\n<p>M\u00e1s all\u00e1 del frente militar, los desaf\u00edos internos de Ucrania son enormes. El pa\u00eds enfrenta una grave crisis financiera y depende de un paquete de ayuda de la Uni\u00f3n Europea por 90.000 millones de euros, que podr\u00eda destrabarse tras la reciente derrota electoral del primer ministro h\u00fangaro Viktor Orb\u00e1n.<\/p>\n\n\n\n<p>A esto se suma la presi\u00f3n sobre sus fuerzas armadas que actualmente sufren una escasez cr\u00edtica de personal, con miles de deserciones y millones de ciudadanos evitando el reclutamiento.<\/p>\n","protected":false},"excerpt":{"rendered":"<p>El presidente de Ucrania, Volodymyr Zelenskyy, aterriz\u00f3 este martes en Berl\u00edn en un momento crucial para el futuro de la guerra, con un mensaje claro: su pa\u00eds necesita m\u00e1s apoyo para sostener su resistencia frente a Rusia.&nbsp; La reuni\u00f3n con el canciller alem\u00e1n Friedrich Merz exhibe la urgencia de Kiev por consolidar alianzas en Europa, mientras el conflicto entra en su quinto a\u00f1o sin una salida clara. REUNIONES UCRANIA-ALEMANIA Alemania, uno de los principales respaldos de Ucrania, no solo refuerza el frente pol\u00edtico.&nbsp; En paralelo, el ministro de Defensa alem\u00e1n, Boris Pistorius, sostuvo conversaciones con su hom\u00f3logo ucraniano Mykhailo Fedorov,&#8230;<\/p>\n","protected":false},"author":13,"featured_media":22707,"comment_status":"closed","ping_status":"closed","sticky":false,"template":"","format":"standard","meta":{"footnotes":""},"categories":[36],"tags":[1444,1744,4567,1347],"class_list":["post-22706","post","type-post","status-publish","format-standard","has-post-thumbnail","hentry","category-internacional","tag-alemania","tag-apoyo","tag-berlin","tag-zelenski"],"acf":[],"_links":{"self":[{"href":"https:\/\/boletinsonora.com.mx\/index.php?rest_route=\/wp\/v2\/posts\/22706","targetHints":{"allow":["GET"]}}],"collection":[{"href":"https:\/\/boletinsonora.com.mx\/index.php?rest_route=\/wp\/v2\/posts"}],"about":[{"href":"https:\/\/boletinsonora.com.mx\/index.php?rest_route=\/wp\/v2\/types\/post"}],"author":[{"embeddable":true,"href":"https:\/\/boletinsonora.com.mx\/index.php?rest_route=\/wp\/v2\/users\/13"}],"replies":[{"embeddable":true,"href":"https:\/\/boletinsonora.com.mx\/index.php?rest_route=%2Fwp%2Fv2%2Fcomments&post=22706"}],"version-history":[{"count":1,"href":"https:\/\/boletinsonora.com.mx\/index.php?rest_route=\/wp\/v2\/posts\/22706\/revisions"}],"predecessor-version":[{"id":22708,"href":"https:\/\/boletinsonora.com.mx\/index.php?rest_route=\/wp\/v2\/posts\/22706\/revisions\/22708"}],"wp:featuredmedia":[{"embeddable":true,"href":"https:\/\/boletinsonora.com.mx\/index.php?rest_route=\/wp\/v2\/media\/22707"}],"wp:attachment":[{"href":"https:\/\/boletinsonora.com.mx\/index.php?rest_route=%2Fwp%2Fv2%2Fmedia&parent=22706"}],"wp:term":[{"taxonomy":"category","embeddable":true,"href":"https:\/\/boletinsonora.com.mx\/index.php?rest_route=%2Fwp%2Fv2%2Fcategories&post=22706"},{"taxonomy":"post_tag","embeddable":true,"href":"https:\/\/boletinsonora.com.mx\/index.php?rest_route=%2Fwp%2Fv2%2Ftags&post=22706"}],"curies":[{"name":"wp","href":"https:\/\/api.w.org\/{rel}","templated":true}]}}