{"id":22724,"date":"2026-04-21T20:53:22","date_gmt":"2026-04-21T20:53:22","guid":{"rendered":"https:\/\/boletinsonora.com.mx\/?p=22724"},"modified":"2026-05-01T20:54:18","modified_gmt":"2026-05-01T20:54:18","slug":"t-mec-mexico-y-eu-iniciaran-negociacion-formal-el-25-de-mayo","status":"publish","type":"post","link":"https:\/\/boletinsonora.com.mx\/?p=22724","title":{"rendered":"T-MEC: M\u00e9xico y EU iniciar\u00e1n negociaci\u00f3n formal el 25 de mayo"},"content":{"rendered":"\n<p>El secretario de Econom\u00eda mexicano, Marcelo Ebrard, dio a conocer que, a partir del 25 de mayo, su pa\u00eds y el gobierno estadounidense iniciar\u00e1n las negociaciones formales del&nbsp;<strong>Tratado entre M\u00e9xico, Estados Unidos y Canad\u00e1 (T-MEC)<\/strong>.<\/p>\n\n\n\n<p>El anuncio marca el cierre de una fase preparatoria que incluy\u00f3 conversaciones t\u00e9cnicas y la evaluaci\u00f3n de medidas comerciales, en medio de tensiones por los aranceles impuestos por Washington a sectores como el acero, el aluminio y la industria automotriz mexicana.<\/p>\n\n\n\n<h2 class=\"wp-block-heading\">Reuni\u00f3n en Ciudad de M\u00e9xico<\/h2>\n\n\n\n<p>La decisi\u00f3n se consolid\u00f3 tras una reuni\u00f3n celebrada el lunes entre la presidenta de M\u00e9xico, Claudia Sheinbaum, y el principal negociador comercial de Estados Unidos, Jamieson Greer, quien realiz\u00f3 una visita expr\u00e9s a Ciudad de M\u00e9xico. En el encuentro tambi\u00e9n particip\u00f3 Ebrard, delineando los pr\u00f3ximos pasos rumbo a la revisi\u00f3n formal del tratado prevista para julio.<\/p>\n\n\n\n<blockquote class=\"wp-block-quote is-layout-flow wp-block-quote-is-layout-flow\">\n<p><em>\u201cEstamos estimando que las negociaciones formales se van a iniciar en la semana del 25 de mayo para estar en tiempo y forma\u201d,&nbsp;<\/em>afirm\u00f3 el funcionario mexicano.<\/p>\n<\/blockquote>\n\n\n\n<h2 class=\"wp-block-heading\">Temas en la mesa<\/h2>\n\n\n\n<p>De acuerdo con un comunicado conjunto, ambas naciones impulsar\u00e1n esta semana conversaciones t\u00e9cnicas enfocadas en:<\/p>\n\n\n\n<ul class=\"wp-block-list\">\n<li><strong>Seguridad econ\u00f3mica<\/strong><\/li>\n\n\n\n<li><strong>Acciones comerciales complementarias<\/strong><\/li>\n\n\n\n<li><strong>Reglas de origen para productos industriales<\/strong><\/li>\n\n\n\n<li><strong>Minerales cr\u00edticos<\/strong><\/li>\n\n\n\n<li><strong>Resoluci\u00f3n de disputas pendientes<\/strong><\/li>\n<\/ul>\n\n\n\n<p>Estos puntos ser\u00e1n la base de las negociaciones formales, que definir\u00e1n el rumbo del acuerdo comercial m\u00e1s importante de la regi\u00f3n.<\/p>\n\n\n\n<h2 class=\"wp-block-heading\">Aranceles y tensiones<\/h2>\n\n\n\n<p>Si bien M\u00e9xico ha logrado esquivar parte de los aranceles impuestos por el gobierno de Donald Trump, a\u00fan enfrenta medidas significativas:<\/p>\n\n\n\n<ul class=\"wp-block-list\">\n<li>25% a productos fuera del T-MEC y a camiones medianos y pesados<\/li>\n\n\n\n<li>50% al acero, aluminio y cobre<\/li>\n\n\n\n<li>17% al tomate mexicano<\/li>\n<\/ul>\n\n\n\n<p>Estas restricciones han tensionado la relaci\u00f3n entre los socios del acuerdo, aunque no han frenado completamente el intercambio comercial.<\/p>\n\n\n\n<p>Con la fecha ya marcada en el calendario, las negociaciones que arrancar\u00e1n a finales de mayo ser\u00e1n cruciales para redefinir las reglas del comercio en Norteam\u00e9rica y medir la capacidad de los socios para superar tensiones y mantener la integraci\u00f3n econ\u00f3mica regional.<\/p>\n","protected":false},"excerpt":{"rendered":"<p>El secretario de Econom\u00eda mexicano, Marcelo Ebrard, dio a conocer que, a partir del 25 de mayo, su pa\u00eds y el gobierno estadounidense iniciar\u00e1n las negociaciones formales del&nbsp;Tratado entre M\u00e9xico, Estados Unidos y Canad\u00e1 (T-MEC). El anuncio marca el cierre de una fase preparatoria que incluy\u00f3 conversaciones t\u00e9cnicas y la evaluaci\u00f3n de medidas comerciales, en medio de tensiones por los aranceles impuestos por Washington a sectores como el acero, el aluminio y la industria automotriz mexicana. Reuni\u00f3n en Ciudad de M\u00e9xico La decisi\u00f3n se consolid\u00f3 tras una reuni\u00f3n celebrada el lunes entre la presidenta de M\u00e9xico, Claudia Sheinbaum, y el&#8230;<\/p>\n","protected":false},"author":13,"featured_media":22725,"comment_status":"closed","ping_status":"closed","sticky":false,"template":"","format":"standard","meta":{"footnotes":""},"categories":[38],"tags":[4572,4571,285],"class_list":["post-22724","post","type-post","status-publish","format-standard","has-post-thumbnail","hentry","category-economia","tag-25-de-mayo","tag-negociacion-formal","tag-t-mec"],"acf":[],"_links":{"self":[{"href":"https:\/\/boletinsonora.com.mx\/index.php?rest_route=\/wp\/v2\/posts\/22724","targetHints":{"allow":["GET"]}}],"collection":[{"href":"https:\/\/boletinsonora.com.mx\/index.php?rest_route=\/wp\/v2\/posts"}],"about":[{"href":"https:\/\/boletinsonora.com.mx\/index.php?rest_route=\/wp\/v2\/types\/post"}],"author":[{"embeddable":true,"href":"https:\/\/boletinsonora.com.mx\/index.php?rest_route=\/wp\/v2\/users\/13"}],"replies":[{"embeddable":true,"href":"https:\/\/boletinsonora.com.mx\/index.php?rest_route=%2Fwp%2Fv2%2Fcomments&post=22724"}],"version-history":[{"count":1,"href":"https:\/\/boletinsonora.com.mx\/index.php?rest_route=\/wp\/v2\/posts\/22724\/revisions"}],"predecessor-version":[{"id":22726,"href":"https:\/\/boletinsonora.com.mx\/index.php?rest_route=\/wp\/v2\/posts\/22724\/revisions\/22726"}],"wp:featuredmedia":[{"embeddable":true,"href":"https:\/\/boletinsonora.com.mx\/index.php?rest_route=\/wp\/v2\/media\/22725"}],"wp:attachment":[{"href":"https:\/\/boletinsonora.com.mx\/index.php?rest_route=%2Fwp%2Fv2%2Fmedia&parent=22724"}],"wp:term":[{"taxonomy":"category","embeddable":true,"href":"https:\/\/boletinsonora.com.mx\/index.php?rest_route=%2Fwp%2Fv2%2Fcategories&post=22724"},{"taxonomy":"post_tag","embeddable":true,"href":"https:\/\/boletinsonora.com.mx\/index.php?rest_route=%2Fwp%2Fv2%2Ftags&post=22724"}],"curies":[{"name":"wp","href":"https:\/\/api.w.org\/{rel}","templated":true}]}}