{"id":22742,"date":"2026-04-23T21:48:37","date_gmt":"2026-04-23T21:48:37","guid":{"rendered":"https:\/\/boletinsonora.com.mx\/?p=22742"},"modified":"2026-05-01T21:50:31","modified_gmt":"2026-05-01T21:50:31","slug":"pide-onu-a-mexico-asumir-compromiso-frente-a-crisis-de-desapariciones","status":"publish","type":"post","link":"https:\/\/boletinsonora.com.mx\/?p=22742","title":{"rendered":"Pide ONU a M\u00e9xico asumir compromiso frente a crisis de desapariciones"},"content":{"rendered":"\n<p>El alto comisionado de la ONU para los derechos humanos,&nbsp;<strong>Volker T\u00fcrk<\/strong>, llam\u00f3 a M\u00e9xico a construir un compromiso nacional s\u00f3lido para enfrentar la crisis de personas desaparecidas, una problem\u00e1tica que calific\u00f3 como uno de los desaf\u00edos \u201cm\u00e1s graves y dolorosos\u201d del pa\u00eds.<\/p>\n\n\n\n<p>Al cierre de una visita oficial de cuatro d\u00edas, el representante de la Organizaci\u00f3n de las Naciones Unidas advirti\u00f3 que la magnitud del problema \u2014con m\u00e1s de 133 mil personas desaparecidas\u2014 exige una respuesta coordinada que vaya m\u00e1s all\u00e1 de posturas pol\u00edticas y coloque en el centro a las v\u00edctimas y sus familias.<\/p>\n\n\n\n<h2 class=\"wp-block-heading\">UN LLAMADO URGENTE AL ESTADO MEXICANO<\/h2>\n\n\n\n<p>Durante una conferencia de prensa en la Ciudad de M\u00e9xico, T\u00fcrk plante\u00f3 la necesidad de&nbsp;<strong><a href=\"https:\/\/sipse.com\/mundo\/volker-turk-onu-llega-mexico-crisis-desapariciones-507841.html\" target=\"_blank\" rel=\"noreferrer noopener\">fortalecer los mecanismos de b\u00fasqueda<\/a><\/strong>, mejorar los procesos de identificaci\u00f3n forense y robustecer las capacidades de investigaci\u00f3n.<\/p>\n\n\n\n<p>Pero su propuesta fue m\u00e1s all\u00e1 de lo t\u00e9cnico e insisti\u00f3 en la urgencia de un acuerdo nacional que reconozca el dolor de las familias y respalde la labor de los colectivos de b\u00fasqueda.<\/p>\n\n\n\n<blockquote class=\"wp-block-quote is-layout-flow wp-block-quote-is-layout-flow\">\n<p><em>\u201cLas desapariciones siguen siendo uno de los desaf\u00edos m\u00e1s graves y dolorosos en materia de derechos humanos en M\u00e9xico\u201d, se\u00f1al\u00f3. \u201cEsta crisis ha provocado un sufrimiento inimaginable y prolongado para las familias y erosiona profundamente la confianza entre la poblaci\u00f3n y el Estado, responsable de prevenir, investigar, juzgar y condenar a los responsables\u201d.<\/em><\/p>\n<\/blockquote>\n\n\n\n<h2 class=\"wp-block-heading\">ENCUENTRO CON LA PRESIDENTA MEXICANA<\/h2>\n\n\n\n<p>Como parte de su agenda, T\u00fcrk se reuni\u00f3 con la presidenta Claudia Sheinbaum, con quien abord\u00f3 posibles v\u00edas de colaboraci\u00f3n entre el gobierno mexicano y organismos internacionales.<\/p>\n\n\n\n<p>La visita tuvo lugar tras la tensi\u00f3n generada por el reciente informe del Comit\u00e9 de la ONU contra la Desaparici\u00f3n Forzada, que solicit\u00f3 llevar el caso de M\u00e9xico ante la Asamblea General del organismo, al considerar que existen indicios de desapariciones forzadas que podr\u00edan constituir cr\u00edmenes de lesa humanidad.<\/p>\n\n\n\n<p>Aunque T\u00fcrk evit\u00f3 profundizar en esa propuesta, reconoci\u00f3 que hubo apertura por parte del gobierno mexicano para trabajar de manera conjunta y aprovechar la experiencia internacional.<\/p>\n\n\n\n<h2 class=\"wp-block-heading\">EL PESO DE LA IMPUNIDAD<\/h2>\n\n\n\n<p>Otro de los puntos cr\u00edticos se\u00f1alados fue la impunidad, un reclamo constante de v\u00edctimas y organizaciones civiles. De acuerdo con datos de M\u00e9xico Eval\u00faa, este fen\u00f3meno alcanza hasta el 89% de los casos, lo que agrava la crisis y perpet\u00faa la falta de justicia.<\/p>\n\n\n\n<p>T\u00fcrk tambi\u00e9n destac\u00f3 el impacto humano del problema, tras escuchar testimonios de madres buscadoras y activistas.&nbsp;<\/p>\n\n\n\n<blockquote class=\"wp-block-quote is-layout-flow wp-block-quote-is-layout-flow\">\n<p><em>\u201cFue doloroso escuchar testimonios que reflejan la magnitud de esta tragedia\u201d, admiti\u00f3.<\/em><\/p>\n<\/blockquote>\n","protected":false},"excerpt":{"rendered":"<p>El alto comisionado de la ONU para los derechos humanos,&nbsp;Volker T\u00fcrk, llam\u00f3 a M\u00e9xico a construir un compromiso nacional s\u00f3lido para enfrentar la crisis de personas desaparecidas, una problem\u00e1tica que calific\u00f3 como uno de los desaf\u00edos \u201cm\u00e1s graves y dolorosos\u201d del pa\u00eds. Al cierre de una visita oficial de cuatro d\u00edas, el representante de la Organizaci\u00f3n de las Naciones Unidas advirti\u00f3 que la magnitud del problema \u2014con m\u00e1s de 133 mil personas desaparecidas\u2014 exige una respuesta coordinada que vaya m\u00e1s all\u00e1 de posturas pol\u00edticas y coloque en el centro a las v\u00edctimas y sus familias. UN LLAMADO URGENTE AL ESTADO&#8230;<\/p>\n","protected":false},"author":13,"featured_media":22743,"comment_status":"closed","ping_status":"closed","sticky":false,"template":"","format":"standard","meta":{"footnotes":""},"categories":[36],"tags":[4575,1884,441,71,221],"class_list":["post-22742","post","type-post","status-publish","format-standard","has-post-thumbnail","hentry","category-internacional","tag-compromiso","tag-crisis","tag-desapariciones","tag-mexico","tag-onu"],"acf":[],"_links":{"self":[{"href":"https:\/\/boletinsonora.com.mx\/index.php?rest_route=\/wp\/v2\/posts\/22742","targetHints":{"allow":["GET"]}}],"collection":[{"href":"https:\/\/boletinsonora.com.mx\/index.php?rest_route=\/wp\/v2\/posts"}],"about":[{"href":"https:\/\/boletinsonora.com.mx\/index.php?rest_route=\/wp\/v2\/types\/post"}],"author":[{"embeddable":true,"href":"https:\/\/boletinsonora.com.mx\/index.php?rest_route=\/wp\/v2\/users\/13"}],"replies":[{"embeddable":true,"href":"https:\/\/boletinsonora.com.mx\/index.php?rest_route=%2Fwp%2Fv2%2Fcomments&post=22742"}],"version-history":[{"count":1,"href":"https:\/\/boletinsonora.com.mx\/index.php?rest_route=\/wp\/v2\/posts\/22742\/revisions"}],"predecessor-version":[{"id":22744,"href":"https:\/\/boletinsonora.com.mx\/index.php?rest_route=\/wp\/v2\/posts\/22742\/revisions\/22744"}],"wp:featuredmedia":[{"embeddable":true,"href":"https:\/\/boletinsonora.com.mx\/index.php?rest_route=\/wp\/v2\/media\/22743"}],"wp:attachment":[{"href":"https:\/\/boletinsonora.com.mx\/index.php?rest_route=%2Fwp%2Fv2%2Fmedia&parent=22742"}],"wp:term":[{"taxonomy":"category","embeddable":true,"href":"https:\/\/boletinsonora.com.mx\/index.php?rest_route=%2Fwp%2Fv2%2Fcategories&post=22742"},{"taxonomy":"post_tag","embeddable":true,"href":"https:\/\/boletinsonora.com.mx\/index.php?rest_route=%2Fwp%2Fv2%2Ftags&post=22742"}],"curies":[{"name":"wp","href":"https:\/\/api.w.org\/{rel}","templated":true}]}}