{"id":22757,"date":"2026-04-27T22:00:20","date_gmt":"2026-04-27T22:00:20","guid":{"rendered":"https:\/\/boletinsonora.com.mx\/?p=22757"},"modified":"2026-05-01T22:01:23","modified_gmt":"2026-05-01T22:01:23","slug":"loretta-ortiz-se-separa-temporalmente-del-cargo-por-motivos-de-salud","status":"publish","type":"post","link":"https:\/\/boletinsonora.com.mx\/?p=22757","title":{"rendered":"Loretta Ortiz se separa temporalmente del cargo por motivos de salud"},"content":{"rendered":"\n<p>La Suprema Corte de Justicia de la Naci\u00f3n (SCJN) inform\u00f3 que la ministra Loretta Ortiz Ahlf solicit\u00f3 una licencia temporal de su cargo por motivos de salud, por lo que se ausentar\u00e1 de sus funciones hasta el 10 de mayo.<\/p>\n\n\n\n<h2 class=\"wp-block-heading\">POR MOTIVOS DE SALUD<\/h2>\n\n\n\n<p>De acuerdo con el comunicado oficial, con fecha del 27 de abril, durante este periodo la ministra quedar\u00e1 exenta de asistir a las sesiones del Pleno y de participar en la resoluci\u00f3n de asuntos jurisdiccionales. Esto implica que no intervendr\u00e1 en deliberaciones, votaciones ni en la firma de resoluciones correspondientes a su ponencia, mientras dure la licencia m\u00e9dica.<\/p>\n\n\n\n<p>La SCJN precis\u00f3 que esta autorizaci\u00f3n se sustenta en el art\u00edculo 98 de la Constituci\u00f3n mexicana, as\u00ed como en diversas disposiciones de la Ley Org\u00e1nica del Poder Judicial de la Federaci\u00f3n y acuerdos internos del m\u00e1ximo tribunal. Asimismo, indic\u00f3 que la ministra podr\u00e1 reincorporarse a sus funciones una vez concluido el plazo autorizado y asegur\u00f3 que, en caso de cualquier modificaci\u00f3n, se informar\u00e1 de manera oportuna para garantizar la continuidad institucional.<\/p>\n\n\n\n<p>Hasta el momento, la Corte no ha dado a conocer detalles espec\u00edficos sobre el estado de salud de Ortiz Ahlf y exhort\u00f3 a mantenerse atentos \u00fanicamente a los canales oficiales para futuras actualizaciones.<\/p>\n\n\n\n<h2 class=\"wp-block-heading\">M\u00c1S ALL\u00c1 DE SU LABOR EN EL SCJN<\/h2>\n\n\n\n<p>M\u00e1s all\u00e1 de su labor en el m\u00e1ximo tribunal del pa\u00eds, la ministra ha compartido p\u00fablicamente aspectos personales que han influido en su vida profesional. En una entrevista, revel\u00f3 que vive desde su nacimiento con una discapacidad auditiva en el o\u00eddo izquierdo, condici\u00f3n que la llev\u00f3 a desarrollar una mayor capacidad en el o\u00eddo derecho para desempe\u00f1arse en su vida cotidiana.<\/p>\n\n\n\n<p>Esta experiencia cobr\u00f3 relevancia tras un fallo de la SCJN en favor de un menor que requer\u00eda implantes cocleares, en el que la ministra comparti\u00f3 su propia historia. A lo largo de los a\u00f1os, ha enfrentado distintos retos derivados de esta condici\u00f3n, recurriendo tambi\u00e9n a avances tecnol\u00f3gicos para mejorar su audici\u00f3n.<\/p>\n\n\n\n<p>En la actualidad, Ortiz Ahlf utiliza un implante coclear, herramienta que \u2014seg\u00fan ha explicado\u2014 ha contribuido significativamente a mejorar su calidad de vida, ya que facilit que se comunique con otras personas, ya sea en el \u00e1mbito personal o el profesional.<\/p>\n","protected":false},"excerpt":{"rendered":"<p>La Suprema Corte de Justicia de la Naci\u00f3n (SCJN) inform\u00f3 que la ministra Loretta Ortiz Ahlf solicit\u00f3 una licencia temporal de su cargo por motivos de salud, por lo que se ausentar\u00e1 de sus funciones hasta el 10 de mayo. POR MOTIVOS DE SALUD De acuerdo con el comunicado oficial, con fecha del 27 de abril, durante este periodo la ministra quedar\u00e1 exenta de asistir a las sesiones del Pleno y de participar en la resoluci\u00f3n de asuntos jurisdiccionales. Esto implica que no intervendr\u00e1 en deliberaciones, votaciones ni en la firma de resoluciones correspondientes a su ponencia, mientras dure la&#8230;<\/p>\n","protected":false},"author":13,"featured_media":22758,"comment_status":"closed","ping_status":"closed","sticky":false,"template":"","format":"standard","meta":{"footnotes":""},"categories":[37],"tags":[4580,118,4581],"class_list":["post-22757","post","type-post","status-publish","format-standard","has-post-thumbnail","hentry","category-politica","tag-loretta-ortiz","tag-salud","tag-separacion-del-cargo"],"acf":[],"_links":{"self":[{"href":"https:\/\/boletinsonora.com.mx\/index.php?rest_route=\/wp\/v2\/posts\/22757","targetHints":{"allow":["GET"]}}],"collection":[{"href":"https:\/\/boletinsonora.com.mx\/index.php?rest_route=\/wp\/v2\/posts"}],"about":[{"href":"https:\/\/boletinsonora.com.mx\/index.php?rest_route=\/wp\/v2\/types\/post"}],"author":[{"embeddable":true,"href":"https:\/\/boletinsonora.com.mx\/index.php?rest_route=\/wp\/v2\/users\/13"}],"replies":[{"embeddable":true,"href":"https:\/\/boletinsonora.com.mx\/index.php?rest_route=%2Fwp%2Fv2%2Fcomments&post=22757"}],"version-history":[{"count":1,"href":"https:\/\/boletinsonora.com.mx\/index.php?rest_route=\/wp\/v2\/posts\/22757\/revisions"}],"predecessor-version":[{"id":22759,"href":"https:\/\/boletinsonora.com.mx\/index.php?rest_route=\/wp\/v2\/posts\/22757\/revisions\/22759"}],"wp:featuredmedia":[{"embeddable":true,"href":"https:\/\/boletinsonora.com.mx\/index.php?rest_route=\/wp\/v2\/media\/22758"}],"wp:attachment":[{"href":"https:\/\/boletinsonora.com.mx\/index.php?rest_route=%2Fwp%2Fv2%2Fmedia&parent=22757"}],"wp:term":[{"taxonomy":"category","embeddable":true,"href":"https:\/\/boletinsonora.com.mx\/index.php?rest_route=%2Fwp%2Fv2%2Fcategories&post=22757"},{"taxonomy":"post_tag","embeddable":true,"href":"https:\/\/boletinsonora.com.mx\/index.php?rest_route=%2Fwp%2Fv2%2Ftags&post=22757"}],"curies":[{"name":"wp","href":"https:\/\/api.w.org\/{rel}","templated":true}]}}