{"id":22760,"date":"2026-04-28T22:02:16","date_gmt":"2026-04-28T22:02:16","guid":{"rendered":"https:\/\/boletinsonora.com.mx\/?p=22760"},"modified":"2026-05-01T22:03:36","modified_gmt":"2026-05-01T22:03:36","slug":"gasto-digital-de-samuel-garcia-y-mariana-alcanza-19-mdp-y-desata-criticas","status":"publish","type":"post","link":"https:\/\/boletinsonora.com.mx\/?p=22760","title":{"rendered":"Gasto digital de Samuel Garc\u00eda y Mariana alcanza 19 mdp y desata cr\u00edticas"},"content":{"rendered":"\n<p>El gobernador de&nbsp;Nuevo Le\u00f3n,&nbsp;Samuel Garc\u00eda, y su esposa&nbsp;Mariana Rodr\u00edguez&nbsp;realizaron un gasto cercano a&nbsp;<strong>18.7 millones de pesos en publicidad en redes sociales<\/strong>&nbsp;durante un periodo de tres meses, de acuerdo con datos revelados recientemente.<\/p>\n\n\n\n<h2 class=\"wp-block-heading\">Un gasto acelerado en plena antesala electoral<\/h2>\n\n\n\n<p>El desembolso se realiz\u00f3 entre el&nbsp;<strong>25 de enero y el 24 de abril de 2026<\/strong>, en un contexto en el que falta poco m\u00e1s de un a\u00f1o para nuevas elecciones, lo que ha intensificado el escrutinio p\u00fablico.<\/p>\n\n\n\n<p>Durante ese periodo, la pareja destin\u00f3 recursos a anuncios en plataformas como Facebook e Instagram, consolid\u00e1ndose como&nbsp;<strong>de los principales inversionistas en publicidad pol\u00edtica digital a nivel nacional<\/strong>.<\/p>\n\n\n\n<h2 class=\"wp-block-heading\">Promedio diario elevado<\/h2>\n\n\n\n<p>Los datos muestran que el gasto conjunto alcanz\u00f3 un promedio de&nbsp;<strong>208 mil pesos diarios<\/strong>, con picos que llegaron hasta&nbsp;<strong>267 mil pesos en un solo d\u00eda<\/strong>, lo que refleja una estrategia intensiva de posicionamiento en redes.<\/p>\n\n\n\n<h2 class=\"wp-block-heading\">Aumento significativo frente a 2025<\/h2>\n\n\n\n<p>El incremento es notable si se compara con periodos anteriores.<\/p>\n\n\n\n<p>Entre julio y septiembre de 2025, el gasto fue de aproximadamente&nbsp;<strong>8.5 millones de pesos<\/strong>, por lo que el monto actual representa un aumento de alrededor del&nbsp;<strong>120%<\/strong>.<\/p>\n\n\n\n<h2 class=\"wp-block-heading\">\u201cGasto propio\u201d, el punto central del debate<\/h2>\n\n\n\n<p>Uno de los elementos m\u00e1s discutidos es el origen del dinero.<\/p>\n\n\n\n<p>Seg\u00fan los registros de la biblioteca de anuncios de Meta, los pagos aparecen a nombre de Garc\u00eda y Rodr\u00edguez de manera individual, lo que sugiere que los recursos ser\u00edan&nbsp;<strong>de car\u00e1cter personal y no provenientes del erario<\/strong>.<\/p>\n\n\n\n<h2 class=\"wp-block-heading\">Cuestionamientos sobre transparencia<\/h2>\n\n\n\n<p>A pesar de esta explicaci\u00f3n, el monto ha generado dudas entre analistas y actores pol\u00edticos.<\/p>\n\n\n\n<p>Se cuestiona c\u00f3mo una pareja de servidores p\u00fablicos puede disponer de tal cantidad para promoci\u00f3n, lo que ha abierto el debate sobre la necesidad de&nbsp;<strong>mayor transparencia en el origen de los recursos<\/strong>.<\/p>\n\n\n\n<h2 class=\"wp-block-heading\">Reacciones desde el \u00e1mbito pol\u00edtico<\/h2>\n\n\n\n<p>El tema ya provoc\u00f3 posicionamientos a nivel nacional.<\/p>\n\n\n\n<p>La presidenta&nbsp;Claudia Sheinbaum&nbsp;se\u00f1al\u00f3 que los gobiernos deben actuar con austeridad y priorizar el uso de recursos en beneficio de la poblaci\u00f3n, al referirse al caso.<\/p>\n\n\n\n<h2 class=\"wp-block-heading\">Estrategia digital consolidada<\/h2>\n\n\n\n<p>Tanto Samuel Garc\u00eda como Mariana Rodr\u00edguez han construido una fuerte presencia en redes sociales.<\/p>\n\n\n\n<p>Su estrategia ha sido clave desde campa\u00f1as anteriores, donde lograron posicionarse mediante contenido constante y cercan\u00eda con la audiencia.<\/p>\n\n\n\n<h2 class=\"wp-block-heading\">Otros actores tambi\u00e9n invierten<\/h2>\n\n\n\n<p>El fen\u00f3meno no se limita a la pareja.<\/p>\n\n\n\n<p>Otros funcionarios en Nuevo Le\u00f3n tambi\u00e9n han realizado inversiones en publicidad digital, aunque en menor escala, lo que sugiere una estrategia m\u00e1s amplia de comunicaci\u00f3n pol\u00edtica en el estado.<\/p>\n\n\n\n<h2 class=\"wp-block-heading\">Posibles implicaciones legales<\/h2>\n\n\n\n<p>Especialistas han advertido que este tipo de gastos podr\u00eda derivar en revisiones por parte de autoridades electorales.<\/p>\n\n\n\n<p>Entre los posibles se\u00f1alamientos se encuentran&nbsp;<strong>actos anticipados de campa\u00f1a o uso indebido de recursos<\/strong>, dependiendo de c\u00f3mo se acredite el origen del dinero.<\/p>\n\n\n\n<h2 class=\"wp-block-heading\">Redes sociales como campo pol\u00edtico clave<\/h2>\n\n\n\n<p>El caso refleja la creciente importancia de las plataformas digitales en la pol\u00edtica.<\/p>\n\n\n\n<p>Las campa\u00f1as ya no se limitan a medios tradicionales, sino que dependen cada vez m\u00e1s de la visibilidad en redes.<\/p>\n\n\n\n<h2 class=\"wp-block-heading\">Un tema que seguir\u00e1 creciendo<\/h2>\n\n\n\n<p>La pol\u00e9mica podr\u00eda escalar en los pr\u00f3ximos d\u00edas con posibles denuncias y revisiones oficiales.<\/p>\n\n\n\n<p>El tema ya se perfila como uno de los m\u00e1s relevantes en la discusi\u00f3n pol\u00edtica rumbo a futuras elecciones.<\/p>\n\n\n\n<h2 class=\"wp-block-heading\">Un debate abierto<\/h2>\n\n\n\n<p>M\u00e1s all\u00e1 del monto, el caso pone sobre la mesa el uso de redes sociales como herramienta de promoci\u00f3n pol\u00edtica.<\/p>\n\n\n\n<p>La discusi\u00f3n gira en torno a los l\u00edmites entre comunicaci\u00f3n personal y posicionamiento pol\u00edtico.<\/p>\n","protected":false},"excerpt":{"rendered":"<p>El gobernador de&nbsp;Nuevo Le\u00f3n,&nbsp;Samuel Garc\u00eda, y su esposa&nbsp;Mariana Rodr\u00edguez&nbsp;realizaron un gasto cercano a&nbsp;18.7 millones de pesos en publicidad en redes sociales&nbsp;durante un periodo de tres meses, de acuerdo con datos revelados recientemente. Un gasto acelerado en plena antesala electoral El desembolso se realiz\u00f3 entre el&nbsp;25 de enero y el 24 de abril de 2026, en un contexto en el que falta poco m\u00e1s de un a\u00f1o para nuevas elecciones, lo que ha intensificado el escrutinio p\u00fablico. Durante ese periodo, la pareja destin\u00f3 recursos a anuncios en plataformas como Facebook e Instagram, consolid\u00e1ndose como&nbsp;de los principales inversionistas en publicidad pol\u00edtica digital&#8230;<\/p>\n","protected":false},"author":13,"featured_media":22761,"comment_status":"closed","ping_status":"closed","sticky":false,"template":"","format":"standard","meta":{"footnotes":""},"categories":[37],"tags":[4584,4582,4583,419],"class_list":["post-22760","post","type-post","status-publish","format-standard","has-post-thumbnail","hentry","category-politica","tag-19-mdp","tag-gasto-digital","tag-mariana","tag-samuel-garcia"],"acf":[],"_links":{"self":[{"href":"https:\/\/boletinsonora.com.mx\/index.php?rest_route=\/wp\/v2\/posts\/22760","targetHints":{"allow":["GET"]}}],"collection":[{"href":"https:\/\/boletinsonora.com.mx\/index.php?rest_route=\/wp\/v2\/posts"}],"about":[{"href":"https:\/\/boletinsonora.com.mx\/index.php?rest_route=\/wp\/v2\/types\/post"}],"author":[{"embeddable":true,"href":"https:\/\/boletinsonora.com.mx\/index.php?rest_route=\/wp\/v2\/users\/13"}],"replies":[{"embeddable":true,"href":"https:\/\/boletinsonora.com.mx\/index.php?rest_route=%2Fwp%2Fv2%2Fcomments&post=22760"}],"version-history":[{"count":1,"href":"https:\/\/boletinsonora.com.mx\/index.php?rest_route=\/wp\/v2\/posts\/22760\/revisions"}],"predecessor-version":[{"id":22762,"href":"https:\/\/boletinsonora.com.mx\/index.php?rest_route=\/wp\/v2\/posts\/22760\/revisions\/22762"}],"wp:featuredmedia":[{"embeddable":true,"href":"https:\/\/boletinsonora.com.mx\/index.php?rest_route=\/wp\/v2\/media\/22761"}],"wp:attachment":[{"href":"https:\/\/boletinsonora.com.mx\/index.php?rest_route=%2Fwp%2Fv2%2Fmedia&parent=22760"}],"wp:term":[{"taxonomy":"category","embeddable":true,"href":"https:\/\/boletinsonora.com.mx\/index.php?rest_route=%2Fwp%2Fv2%2Fcategories&post=22760"},{"taxonomy":"post_tag","embeddable":true,"href":"https:\/\/boletinsonora.com.mx\/index.php?rest_route=%2Fwp%2Fv2%2Ftags&post=22760"}],"curies":[{"name":"wp","href":"https:\/\/api.w.org\/{rel}","templated":true}]}}