{"id":22763,"date":"2026-04-29T22:04:40","date_gmt":"2026-04-29T22:04:40","guid":{"rendered":"https:\/\/boletinsonora.com.mx\/?p=22763"},"modified":"2026-05-01T22:05:47","modified_gmt":"2026-05-01T22:05:47","slug":"solicitud-de-extradicion-contra-rocha-moya-es-turnada-a-la-fgr","status":"publish","type":"post","link":"https:\/\/boletinsonora.com.mx\/?p=22763","title":{"rendered":"Solicitud de extradici\u00f3n contra Rocha Moya es turnada a la FGR"},"content":{"rendered":"\n<p>La Secretar\u00eda de Relaciones Exteriores turn\u00f3 a la Fiscal\u00eda General de la Rep\u00fablica una serie de s<strong>olicitudes de extradici\u00f3n a Estados Unidos<\/strong>&nbsp;recibidas antes de revelarse la acusaci\u00f3n contra el&nbsp;<strong>gobernador de Sinaloa, Rub\u00e9n Rocha Moya.<\/strong><\/p>\n\n\n\n<p>Relaciones Exteriores inform\u00f3 que el 28 de abril, a las 18:00 horas, la Embajada de los Estados Unidos entreg\u00f3 formalmente los documentos para la&nbsp;<strong>detenci\u00f3n provisional con fines de extradici\u00f3n.<\/strong><\/p>\n\n\n\n<p>Tras una revisi\u00f3n jur\u00eddica inicial bajo el Tratado de Extradici\u00f3n bilateral, la dependencia mexicana determin\u00f3 que la&nbsp;<strong>solicitud no cuenta con elementos de prueba suficientes<\/strong>&nbsp;para establecer la responsabilidad de los se\u00f1alados.<\/p>\n\n\n\n<p>Sin embargo,&nbsp;<strong>se turn\u00f3&nbsp;<\/strong><strong>la informaci\u00f3n a la Fiscal\u00eda General de la Rep\u00fablica (FGR)<\/strong>&nbsp;para que se eval\u00faen dichas solicitudes conforme a la legislaci\u00f3n mexicana.&nbsp;<\/p>\n\n\n\n<p>Debido a esta falta de evidencia en los expedientes recibidos, la SRE enviar\u00e1 un<strong>&nbsp;extra\u00f1amiento diplom\u00e1tico a la embajada<\/strong>&nbsp;estadounidense.<\/p>\n\n\n\n<p>Asimismo, la instituci\u00f3n se\u00f1al\u00f3 que&nbsp;<strong>se vulneraron las provisiones de confidencialidad<\/strong>&nbsp;establecidas en los tratados vigentes al hacerse p\u00fablica la informaci\u00f3n.<\/p>\n\n\n\n<p>Cabe destacar que en&nbsp;<a href=\"https:\/\/www.gob.mx\/sre\/prensa\/sre-recibio-solicitudes-de-detencion-provisional-con-fines-de-extradicion-que-seran-turnadas-a-la-fgr-en-los-documentos-no-se-anexan-pruebas\" target=\"_blank\" rel=\"noreferrer noopener\">el comunicado de Relaciones Exteriores<\/a>, no se revelan los nombres de mexicanos que Estados Unidos solicita para su extradici\u00f3n.<\/p>\n\n\n\n<h2 class=\"wp-block-heading\">\u00bfDe qu\u00e9 se acusa a Rub\u00e9n Rocha Moya en Nueva York?<\/h2>\n\n\n\n<p>Horas antes, se revel\u00f3 que el Distrito Sur de Nueva York&nbsp;<a href=\"https:\/\/sipse.com\/mexico\/fiscal-de-nueva-york-acusa-ruben-rocha-moya-narcotrafico-508411.html\">se\u00f1ala a Rocha Moya y a otros nueve funcionarios por colaborar presuntamente con el C\u00e1rtel de Sinaloa<\/a>.<\/p>\n\n\n\n<p><a href=\"https:\/\/www.justice.gov\/usao-sdny\/pr\/governor-sinaloa-and-nine-other-current-and-former-mexican-officials-charged-drug\" target=\"_blank\" rel=\"noreferrer noopener\">El fiscal federal Jay Clayton<\/a>&nbsp;y el administrador de la Agencia Antidrogas (DEA, por sus siglas en ingl\u00e9s), Terrance C. Cole, sostienen que el esquema criminal facilit\u00f3 el tr\u00e1fico de fentanilo, coca\u00edna y metanfetamina.<\/p>\n\n\n\n<p><strong>Cargos principales<\/strong>: Conspiraci\u00f3n para importar narc\u00f3ticos y posesi\u00f3n de armas de alto poder.<\/p>\n\n\n\n<p><strong>Niveles de complicidad<\/strong>: Se alega la filtraci\u00f3n de informaci\u00f3n confidencial y protecci\u00f3n policial a la facci\u00f3n de &#8220;Los Chapitos&#8221;.<\/p>\n\n\n\n<p><strong>Violencia sistem\u00e1tica<\/strong>: La acusaci\u00f3n vincula a los implicados con secuestros y asesinatos, incluyendo el de una fuente confidencial de la DEA en 2023.<\/p>\n\n\n\n<p><strong>Beneficio electoral<\/strong>: Los fiscales se\u00f1alan que el gobernador habr\u00eda sido favorecido en las urnas mediante la intimidaci\u00f3n de rivales por parte del grupo criminal.<\/p>\n\n\n\n<h2 class=\"wp-block-heading\">Rocha Moya rechaza acusaciones: son calumnias, afirma<\/h2>\n\n\n\n<p>Poco despu\u00e9s de revelarse la acusaci\u00f3n en Estados Unidos, el gobernador Rub\u00e9n Rocha Moya rechaz\u00f3 las imputaciones a trav\u00e9s de sus redes sociales, calific\u00e1ndolas de &#8220;calumnia&#8221; y un ataque contra el movimiento de la Cuarta Transformaci\u00f3n.<\/p>\n\n\n\n<p>El mandatario afirm\u00f3 que las acusaciones carecen de fundamento y que defender\u00e1 la soberan\u00eda nacional frente a lo que considera una estrategia para violentar el orden constitucional.<\/p>\n","protected":false},"excerpt":{"rendered":"<p>La Secretar\u00eda de Relaciones Exteriores turn\u00f3 a la Fiscal\u00eda General de la Rep\u00fablica una serie de solicitudes de extradici\u00f3n a Estados Unidos&nbsp;recibidas antes de revelarse la acusaci\u00f3n contra el&nbsp;gobernador de Sinaloa, Rub\u00e9n Rocha Moya. Relaciones Exteriores inform\u00f3 que el 28 de abril, a las 18:00 horas, la Embajada de los Estados Unidos entreg\u00f3 formalmente los documentos para la&nbsp;detenci\u00f3n provisional con fines de extradici\u00f3n. Tras una revisi\u00f3n jur\u00eddica inicial bajo el Tratado de Extradici\u00f3n bilateral, la dependencia mexicana determin\u00f3 que la&nbsp;solicitud no cuenta con elementos de prueba suficientes&nbsp;para establecer la responsabilidad de los se\u00f1alados. Sin embargo,&nbsp;se turn\u00f3&nbsp;la informaci\u00f3n a la Fiscal\u00eda&#8230;<\/p>\n","protected":false},"author":13,"featured_media":22764,"comment_status":"closed","ping_status":"closed","sticky":false,"template":"","format":"standard","meta":{"footnotes":""},"categories":[37],"tags":[1175,134,1890],"class_list":["post-22763","post","type-post","status-publish","format-standard","has-post-thumbnail","hentry","category-politica","tag-extradicion","tag-fgr","tag-ruben-rocha-moya"],"acf":[],"_links":{"self":[{"href":"https:\/\/boletinsonora.com.mx\/index.php?rest_route=\/wp\/v2\/posts\/22763","targetHints":{"allow":["GET"]}}],"collection":[{"href":"https:\/\/boletinsonora.com.mx\/index.php?rest_route=\/wp\/v2\/posts"}],"about":[{"href":"https:\/\/boletinsonora.com.mx\/index.php?rest_route=\/wp\/v2\/types\/post"}],"author":[{"embeddable":true,"href":"https:\/\/boletinsonora.com.mx\/index.php?rest_route=\/wp\/v2\/users\/13"}],"replies":[{"embeddable":true,"href":"https:\/\/boletinsonora.com.mx\/index.php?rest_route=%2Fwp%2Fv2%2Fcomments&post=22763"}],"version-history":[{"count":1,"href":"https:\/\/boletinsonora.com.mx\/index.php?rest_route=\/wp\/v2\/posts\/22763\/revisions"}],"predecessor-version":[{"id":22765,"href":"https:\/\/boletinsonora.com.mx\/index.php?rest_route=\/wp\/v2\/posts\/22763\/revisions\/22765"}],"wp:featuredmedia":[{"embeddable":true,"href":"https:\/\/boletinsonora.com.mx\/index.php?rest_route=\/wp\/v2\/media\/22764"}],"wp:attachment":[{"href":"https:\/\/boletinsonora.com.mx\/index.php?rest_route=%2Fwp%2Fv2%2Fmedia&parent=22763"}],"wp:term":[{"taxonomy":"category","embeddable":true,"href":"https:\/\/boletinsonora.com.mx\/index.php?rest_route=%2Fwp%2Fv2%2Fcategories&post=22763"},{"taxonomy":"post_tag","embeddable":true,"href":"https:\/\/boletinsonora.com.mx\/index.php?rest_route=%2Fwp%2Fv2%2Ftags&post=22763"}],"curies":[{"name":"wp","href":"https:\/\/api.w.org\/{rel}","templated":true}]}}