{"id":22766,"date":"2026-04-29T22:06:43","date_gmt":"2026-04-29T22:06:43","guid":{"rendered":"https:\/\/boletinsonora.com.mx\/?p=22766"},"modified":"2026-05-01T22:08:14","modified_gmt":"2026-05-01T22:08:14","slug":"ruben-rocha-moya-es-acusado-de-narcotrafico-por-fiscal-de-nueva-york","status":"publish","type":"post","link":"https:\/\/boletinsonora.com.mx\/?p=22766","title":{"rendered":"Rub\u00e9n Rocha Moya es acusado de narcotr\u00e1fico por fiscal de Nueva York"},"content":{"rendered":"\n<p>Una acusaci\u00f3n formal presentada en el Distrito Sur de Nueva York ha puesto en el centro de la pol\u00e9mica a&nbsp;<strong>Ruben Rocha Moya<\/strong>, gobernador de Sinaloa, se\u00f1alado por presuntamente colaborar con el C\u00e1rtel de Sinaloa en el tr\u00e1fico de drogas hacia Estados Unidos.<\/p>\n\n\n\n<p>El fiscal federal Jay Clayton y el administrador de la DEA, Terrance C. Cole, anunciaron cargos contra diez personas, entre ellas el actual gobernador de Sinaloa, as\u00ed como legisladores, mandos policiales y funcionarios estatales.<\/p>\n\n\n\n<h2 class=\"wp-block-heading\">PROTECCI\u00d3N DIRECTA AL C\u00c1RTEL<\/h2>\n\n\n\n<p>De acuerdo con la acusaci\u00f3n, los implicados habr\u00edan participado en una red de corrupci\u00f3n y complicidad que permiti\u00f3 la exportaci\u00f3n de grandes cantidades de fentanilo, coca\u00edna, hero\u00edna y metanfetamina a territorio estadounidense.<\/p>\n\n\n\n<p>A cambio, habr\u00edan recibido sobornos millonarios y brindado protecci\u00f3n directa a las operaciones del c\u00e1rtel.<\/p>\n\n\n\n<h2 class=\"wp-block-heading\">UNA RED DE PODER Y NARCOTR\u00c1FICO<\/h2>\n\n\n\n<p>Las autoridades estadounidenses sostienen que el esquema criminal operaba desde distintos niveles del gobierno sinaloense. Los acusados, seg\u00fan el documento, habr\u00edan filtrado informaci\u00f3n confidencial, protegido cargamentos de droga e incluso ordenado a corporaciones policiales resguardar operaciones delictivas.<\/p>\n\n\n\n<p>El caso tambi\u00e9n vincula a los funcionarios con la facci\u00f3n conocida como \u201cLos Chapitos\u201d, liderada por los hijos de Joaqu\u00edn Guzm\u00e1n Loera. Seg\u00fan las investigaciones, esta alianza permiti\u00f3 al grupo criminal consolidar su control territorial y ampliar su capacidad de tr\u00e1fico internacional.<\/p>\n\n\n\n<p>Uno de los se\u00f1alamientos m\u00e1s graves apunta a que el propio Rocha Moya habr\u00eda sido favorecido electoralmente mediante intimidaci\u00f3n a rivales, para despu\u00e9s ofrecer protecci\u00f3n al c\u00e1rtel desde el gobierno estatal. Estas acusaciones no han sido probadas en tribunales y forman parte del proceso judicial en curso.<\/p>\n\n\n\n<h2 class=\"wp-block-heading\">VIOLENCIA, SECUESTROS Y REPRESALIAS<\/h2>\n\n\n\n<p>La acusaci\u00f3n describe un panorama de violencia sistem\u00e1tica. Algunos de los imputados habr\u00edan participado directamente en secuestros y asesinatos. Destaca el caso de Juan Valenzuela Mill\u00e1n, alias \u201cJuanito\u201d, acusado de colaborar en el secuestro y asesinato de una fuente confidencial de la DEA y un familiar en 2023.<\/p>\n\n\n\n<p>Seg\u00fan el documento, elementos policiales habr\u00edan sido utilizados para ejecutar represalias contra presuntos informantes, consolidando el control del c\u00e1rtel mediante el uso de la fuerza y el miedo.<\/p>\n\n\n\n<p>Estos son los acusados:<\/p>\n\n\n\n<p><strong>RUB\u00c9N ROCHA MOYA:&nbsp;<\/strong>Gobernador de Sinaloa<\/p>\n\n\n\n<ul class=\"wp-block-list\">\n<li>Conspiraci\u00f3n para la importaci\u00f3n de narc\u00f3ticos<\/li>\n\n\n\n<li>Posesi\u00f3n de ametralladoras y artefactos explosivos<\/li>\n\n\n\n<li>Conspiraci\u00f3n para poseer ametralladoras y dispositivos destructivos<\/li>\n<\/ul>\n\n\n\n<p><strong>ENRIQUE INZUNZA CAZ\u00c1REZ:&nbsp;<\/strong>Senador mexicano; ex secretario general de Sinaloa<\/p>\n\n\n\n<ul class=\"wp-block-list\">\n<li>Conspiraci\u00f3n para la importaci\u00f3n de narc\u00f3ticos<\/li>\n\n\n\n<li>Posesi\u00f3n de ametralladoras y artefactos explosivos<\/li>\n\n\n\n<li>Conspiraci\u00f3n para poseer ametralladoras y dispositivos destructivos<\/li>\n<\/ul>\n\n\n\n<p><strong>ENRIQUE DIAZ VEGA:&nbsp;<\/strong>Exsecretario de Administraci\u00f3n y Finanzas de Sinaloa<\/p>\n\n\n\n<ul class=\"wp-block-list\">\n<li>Conspiraci\u00f3n para la importaci\u00f3n de narc\u00f3ticos<\/li>\n\n\n\n<li>Posesi\u00f3n de ametralladoras y artefactos explosivos<\/li>\n\n\n\n<li>Conspiraci\u00f3n para poseer ametralladoras y dispositivos destructivos<\/li>\n<\/ul>\n\n\n\n<p><strong>DAMASO CASTRO ZAAVEDRA:&nbsp;<\/strong>Fiscal General Adjunto de la Fiscal\u00eda General del Estado de Sinaloa<\/p>\n\n\n\n<ul class=\"wp-block-list\">\n<li>Conspiraci\u00f3n para la importaci\u00f3n de narc\u00f3ticos<\/li>\n\n\n\n<li>Posesi\u00f3n de ametralladoras y artefactos explosivos<\/li>\n\n\n\n<li>Conspiraci\u00f3n para poseer ametralladoras y dispositivos destructivos<\/li>\n<\/ul>\n\n\n\n<p><strong>MARCO ANTONIO ALMANZA AVILES:&nbsp;<\/strong>Exjefe de la Polic\u00eda de Investigaci\u00f3n de la Fiscal\u00eda General del Estado de Sinaloa<\/p>\n\n\n\n<ul class=\"wp-block-list\">\n<li>Conspiraci\u00f3n para la importaci\u00f3n de narc\u00f3ticos<\/li>\n\n\n\n<li>Posesi\u00f3n de ametralladoras y artefactos explosivos<\/li>\n\n\n\n<li>Conspiraci\u00f3n para poseer ametralladoras y dispositivos destructivos<\/li>\n<\/ul>\n\n\n\n<p><strong>ALBERTO JORGE CONTRERAS N\u00da\u00d1EZ, alias \u201cCholo\u201d:<\/strong>&nbsp;Exjefe de la Polic\u00eda de Investigaci\u00f3n de la Fiscal\u00eda General del Estado de Sinaloa<\/p>\n\n\n\n<ul class=\"wp-block-list\">\n<li>Conspiraci\u00f3n para la importaci\u00f3n de narc\u00f3ticos<\/li>\n\n\n\n<li>Posesi\u00f3n de ametralladoras y artefactos explosivos<\/li>\n\n\n\n<li>Conspiraci\u00f3n para poseer ametralladoras y dispositivos destructivos<\/li>\n<\/ul>\n\n\n\n<p><strong>GERARDO M\u00c9RIDA S\u00c1NCHEZ:&nbsp;<\/strong>Exsecretario de Seguridad P\u00fablica de Sinaloa<\/p>\n\n\n\n<ul class=\"wp-block-list\">\n<li>Conspiraci\u00f3n para la importaci\u00f3n de narc\u00f3ticos<\/li>\n\n\n\n<li>Posesi\u00f3n de ametralladoras y artefactos explosivos<\/li>\n\n\n\n<li>Conspiraci\u00f3n para poseer ametralladoras y dispositivos destructivos<\/li>\n<\/ul>\n\n\n\n<p><strong>JOS\u00c9 ANTONIO DIONISIO HIP\u00d3LITO, alias \u201cTornado\u201d:&nbsp;<\/strong>Ex subdirector de la Polic\u00eda del Estado de Sinaloa<\/p>\n\n\n\n<ul class=\"wp-block-list\">\n<li>Conspiraci\u00f3n para la importaci\u00f3n de narc\u00f3ticos<\/li>\n\n\n\n<li>Posesi\u00f3n de ametralladoras y artefactos explosivos<\/li>\n\n\n\n<li>Conspiraci\u00f3n para poseer ametralladoras y dispositivos destructivos<\/li>\n<\/ul>\n\n\n\n<p><strong>JUAN DE DIOS GAMEZ MENDIVIL:<\/strong>&nbsp;Alcalde de Culiac\u00e1n<\/p>\n\n\n\n<ul class=\"wp-block-list\">\n<li>Conspiraci\u00f3n para la importaci\u00f3n de narc\u00f3ticos<\/li>\n\n\n\n<li>Posesi\u00f3n de ametralladoras y artefactos explosivos<\/li>\n\n\n\n<li>Conspiraci\u00f3n para poseer ametralladoras y dispositivos destructivos<\/li>\n<\/ul>\n\n\n\n<p><strong>JUAN VALENZUELA MIL\u00c1N, alias \u201cJuanito\u201d:<\/strong>&nbsp;Ex comandante de alto rango en la Polic\u00eda Municipal de Culiac\u00e1n.<\/p>\n\n\n\n<ul class=\"wp-block-list\">\n<li>Conspiraci\u00f3n para la importaci\u00f3n de narc\u00f3ticos<\/li>\n\n\n\n<li>Posesi\u00f3n de ametralladoras y artefactos explosivos<\/li>\n\n\n\n<li>Conspiraci\u00f3n para poseer ametralladoras y dispositivos destructivos<\/li>\n\n\n\n<li>Secuestro con resultado de muerte<\/li>\n\n\n\n<li>Conspiraci\u00f3n para cometer secuestro con resultado de muerte<\/li>\n<\/ul>\n\n\n\n<h2 class=\"wp-block-heading\">POSIBLES SANCIONES<\/h2>\n\n\n\n<p>Los acusados enfrentan cargos por conspiraci\u00f3n para el tr\u00e1fico de narc\u00f3ticos, posesi\u00f3n de armas de alto poder y delitos relacionados con violencia. En la mayor\u00eda de los casos, las penas contemplan cadena perpetua, con m\u00ednimos obligatorios de hasta 40 a\u00f1os de prisi\u00f3n.<\/p>\n\n\n\n<p>El caso qued\u00f3 en manos de la jueza federal Katherine Polk Failla y forma parte de una serie de procesos iniciados desde 2023 contra integrantes y colaboradores del c\u00e1rtel.<\/p>\n","protected":false},"excerpt":{"rendered":"<p>Una acusaci\u00f3n formal presentada en el Distrito Sur de Nueva York ha puesto en el centro de la pol\u00e9mica a&nbsp;Ruben Rocha Moya, gobernador de Sinaloa, se\u00f1alado por presuntamente colaborar con el C\u00e1rtel de Sinaloa en el tr\u00e1fico de drogas hacia Estados Unidos. El fiscal federal Jay Clayton y el administrador de la DEA, Terrance C. Cole, anunciaron cargos contra diez personas, entre ellas el actual gobernador de Sinaloa, as\u00ed como legisladores, mandos policiales y funcionarios estatales. PROTECCI\u00d3N DIRECTA AL C\u00c1RTEL De acuerdo con la acusaci\u00f3n, los implicados habr\u00edan participado en una red de corrupci\u00f3n y complicidad que permiti\u00f3 la exportaci\u00f3n&#8230;<\/p>\n","protected":false},"author":13,"featured_media":22767,"comment_status":"closed","ping_status":"closed","sticky":false,"template":"","format":"standard","meta":{"footnotes":""},"categories":[36],"tags":[1775,4585,1890],"class_list":["post-22766","post","type-post","status-publish","format-standard","has-post-thumbnail","hentry","category-internacional","tag-acusaciones","tag-fiscal-de-nueva-york","tag-ruben-rocha-moya"],"acf":[],"_links":{"self":[{"href":"https:\/\/boletinsonora.com.mx\/index.php?rest_route=\/wp\/v2\/posts\/22766","targetHints":{"allow":["GET"]}}],"collection":[{"href":"https:\/\/boletinsonora.com.mx\/index.php?rest_route=\/wp\/v2\/posts"}],"about":[{"href":"https:\/\/boletinsonora.com.mx\/index.php?rest_route=\/wp\/v2\/types\/post"}],"author":[{"embeddable":true,"href":"https:\/\/boletinsonora.com.mx\/index.php?rest_route=\/wp\/v2\/users\/13"}],"replies":[{"embeddable":true,"href":"https:\/\/boletinsonora.com.mx\/index.php?rest_route=%2Fwp%2Fv2%2Fcomments&post=22766"}],"version-history":[{"count":1,"href":"https:\/\/boletinsonora.com.mx\/index.php?rest_route=\/wp\/v2\/posts\/22766\/revisions"}],"predecessor-version":[{"id":22768,"href":"https:\/\/boletinsonora.com.mx\/index.php?rest_route=\/wp\/v2\/posts\/22766\/revisions\/22768"}],"wp:featuredmedia":[{"embeddable":true,"href":"https:\/\/boletinsonora.com.mx\/index.php?rest_route=\/wp\/v2\/media\/22767"}],"wp:attachment":[{"href":"https:\/\/boletinsonora.com.mx\/index.php?rest_route=%2Fwp%2Fv2%2Fmedia&parent=22766"}],"wp:term":[{"taxonomy":"category","embeddable":true,"href":"https:\/\/boletinsonora.com.mx\/index.php?rest_route=%2Fwp%2Fv2%2Fcategories&post=22766"},{"taxonomy":"post_tag","embeddable":true,"href":"https:\/\/boletinsonora.com.mx\/index.php?rest_route=%2Fwp%2Fv2%2Ftags&post=22766"}],"curies":[{"name":"wp","href":"https:\/\/api.w.org\/{rel}","templated":true}]}}