{"id":22772,"date":"2026-04-30T22:14:07","date_gmt":"2026-04-30T22:14:07","guid":{"rendered":"https:\/\/boletinsonora.com.mx\/?p=22772"},"modified":"2026-05-01T22:15:55","modified_gmt":"2026-05-01T22:15:55","slug":"mexico-y-colombia-pactan-acciones-conjuntas-para-frenar-trata","status":"publish","type":"post","link":"https:\/\/boletinsonora.com.mx\/?p=22772","title":{"rendered":"M\u00e9xico y Colombia pactan acciones conjuntas para frenar trata"},"content":{"rendered":"\n<p>M\u00e9xico y Colombia firmaron un&nbsp;<strong>Memor\u00e1ndum de Entendimiento<\/strong>&nbsp;para fortalecer la&nbsp;<strong>cooperaci\u00f3n bilateral<\/strong>&nbsp;en la&nbsp;<strong>prevenci\u00f3n y combate de la trata de personas<\/strong>, un delito que afecta principalmente a&nbsp;<strong>mujeres<\/strong>&nbsp;y personas en situaci\u00f3n de&nbsp;<strong>movilidad<\/strong>. El anuncio fue encabezado por la titular de la&nbsp;<strong>Secretar\u00eda de Gobernaci\u00f3n<\/strong>,&nbsp;<strong>Rosa Icela Rodr\u00edguez<\/strong>, quien subray\u00f3 la urgencia de enfrentar este fen\u00f3meno con acciones conjuntas.<\/p>\n\n\n\n<p>El acuerdo surge ante la creciente operaci\u00f3n de&nbsp;<strong>redes criminales transnacionales<\/strong>, las cuales han extendido sus actividades entre ambos pa\u00edses, obligando a reforzar los mecanismos de coordinaci\u00f3n institucional.<\/p>\n\n\n\n<h2 class=\"wp-block-heading\">Qu\u00e9 incluye el nuevo memor\u00e1ndum<\/h2>\n\n\n\n<p>El documento establece medidas concretas como el&nbsp;<strong>intercambio de informaci\u00f3n estrat\u00e9gica<\/strong>&nbsp;sobre organizaciones delictivas, as\u00ed como la&nbsp;<strong>colaboraci\u00f3n entre autoridades de seguridad y justicia<\/strong>&nbsp;de ambos pa\u00edses. Tambi\u00e9n contempla acciones para la&nbsp;<strong>identificaci\u00f3n, rescate y protecci\u00f3n de v\u00edctimas<\/strong>, uno de los ejes centrales del acuerdo.<\/p>\n\n\n\n<p>A la par, se incluyen&nbsp;<strong>programas de capacitaci\u00f3n<\/strong>&nbsp;dirigidos a funcionarios p\u00fablicos y el desarrollo de&nbsp;<strong>estrategias de prevenci\u00f3n<\/strong>, especialmente en zonas vinculadas a la&nbsp;<strong>migraci\u00f3n<\/strong>, donde las personas son m\u00e1s vulnerables a caer en redes de explotaci\u00f3n.<\/p>\n\n\n\n<h2 class=\"wp-block-heading\">Redes de explotaci\u00f3n bajo la lupa<\/h2>\n\n\n\n<p>Investigaciones recientes han evidenciado c\u00f3mo&nbsp;<strong>mujeres son enga\u00f1adas con ofertas laborales falsas<\/strong>&nbsp;en Colombia y posteriormente trasladadas a&nbsp;<strong>M\u00e9xico<\/strong>, donde son v\u00edctimas de&nbsp;<strong>explotaci\u00f3n<\/strong>, principalmente de car\u00e1cter sexual.<\/p>\n\n\n\n<p>Este patr\u00f3n confirma que M\u00e9xico se mantiene como un pa\u00eds de&nbsp;<strong>origen, tr\u00e1nsito y destino<\/strong>&nbsp;en este delito, lo que incrementa la presi\u00f3n sobre las autoridades para fortalecer la cooperaci\u00f3n internacional y enfrentar estructuras criminales complejas.<\/p>\n\n\n\n<h2 class=\"wp-block-heading\">Cooperaci\u00f3n como eje de seguridad<\/h2>\n\n\n\n<p>El memor\u00e1ndum se integra en una estrategia m\u00e1s amplia del gobierno de&nbsp;<strong>Claudia Sheinbaum<\/strong>, enfocada en fortalecer la&nbsp;<strong>coordinaci\u00f3n internacional<\/strong>&nbsp;en materia de&nbsp;<strong>seguridad<\/strong>&nbsp;y&nbsp;<strong>derechos humanos<\/strong>.<\/p>\n\n\n\n<p>La relaci\u00f3n entre M\u00e9xico y Colombia ya contempla colaboraci\u00f3n en \u00e1reas como el&nbsp;<strong>combate al crimen organizado<\/strong>, el&nbsp;<strong>intercambio judicial<\/strong>&nbsp;y la&nbsp;<strong>asistencia legal<\/strong>, por lo que este acuerdo refuerza un v\u00ednculo que busca responder a delitos que cruzan fronteras.<\/p>\n\n\n\n<h2 class=\"wp-block-heading\">Lo que viene tras la firma<\/h2>\n\n\n\n<p>Aunque el acuerdo ya fue firmado, a\u00fan falta definir los&nbsp;<strong>mecanismos espec\u00edficos de implementaci\u00f3n<\/strong>, as\u00ed como los&nbsp;<strong>plazos<\/strong>&nbsp;y las&nbsp;<strong>instituciones responsables<\/strong>&nbsp;de ejecutar las acciones acordadas.<\/p>\n\n\n\n<p>El desaf\u00edo inmediato ser\u00e1 traducir este compromiso en resultados concretos que permitan&nbsp;<strong>desarticular redes criminales<\/strong>, fortalecer la&nbsp;<strong>atenci\u00f3n a v\u00edctimas<\/strong>&nbsp;y reducir la incidencia de la trata de personas en la regi\u00f3n.<\/p>\n","protected":false},"excerpt":{"rendered":"<p>M\u00e9xico y Colombia firmaron un&nbsp;Memor\u00e1ndum de Entendimiento&nbsp;para fortalecer la&nbsp;cooperaci\u00f3n bilateral&nbsp;en la&nbsp;prevenci\u00f3n y combate de la trata de personas, un delito que afecta principalmente a&nbsp;mujeres&nbsp;y personas en situaci\u00f3n de&nbsp;movilidad. El anuncio fue encabezado por la titular de la&nbsp;Secretar\u00eda de Gobernaci\u00f3n,&nbsp;Rosa Icela Rodr\u00edguez, quien subray\u00f3 la urgencia de enfrentar este fen\u00f3meno con acciones conjuntas. El acuerdo surge ante la creciente operaci\u00f3n de&nbsp;redes criminales transnacionales, las cuales han extendido sus actividades entre ambos pa\u00edses, obligando a reforzar los mecanismos de coordinaci\u00f3n institucional. Qu\u00e9 incluye el nuevo memor\u00e1ndum El documento establece medidas concretas como el&nbsp;intercambio de informaci\u00f3n estrat\u00e9gica&nbsp;sobre organizaciones delictivas, as\u00ed como la&nbsp;colaboraci\u00f3n entre&#8230;<\/p>\n","protected":false},"author":13,"featured_media":22773,"comment_status":"closed","ping_status":"closed","sticky":false,"template":"","format":"standard","meta":{"footnotes":""},"categories":[36],"tags":[4587,222,71,511],"class_list":["post-22772","post","type-post","status-publish","format-standard","has-post-thumbnail","hentry","category-internacional","tag-acciones-conjuntas","tag-colombia","tag-mexico","tag-trata"],"acf":[],"_links":{"self":[{"href":"https:\/\/boletinsonora.com.mx\/index.php?rest_route=\/wp\/v2\/posts\/22772","targetHints":{"allow":["GET"]}}],"collection":[{"href":"https:\/\/boletinsonora.com.mx\/index.php?rest_route=\/wp\/v2\/posts"}],"about":[{"href":"https:\/\/boletinsonora.com.mx\/index.php?rest_route=\/wp\/v2\/types\/post"}],"author":[{"embeddable":true,"href":"https:\/\/boletinsonora.com.mx\/index.php?rest_route=\/wp\/v2\/users\/13"}],"replies":[{"embeddable":true,"href":"https:\/\/boletinsonora.com.mx\/index.php?rest_route=%2Fwp%2Fv2%2Fcomments&post=22772"}],"version-history":[{"count":1,"href":"https:\/\/boletinsonora.com.mx\/index.php?rest_route=\/wp\/v2\/posts\/22772\/revisions"}],"predecessor-version":[{"id":22774,"href":"https:\/\/boletinsonora.com.mx\/index.php?rest_route=\/wp\/v2\/posts\/22772\/revisions\/22774"}],"wp:featuredmedia":[{"embeddable":true,"href":"https:\/\/boletinsonora.com.mx\/index.php?rest_route=\/wp\/v2\/media\/22773"}],"wp:attachment":[{"href":"https:\/\/boletinsonora.com.mx\/index.php?rest_route=%2Fwp%2Fv2%2Fmedia&parent=22772"}],"wp:term":[{"taxonomy":"category","embeddable":true,"href":"https:\/\/boletinsonora.com.mx\/index.php?rest_route=%2Fwp%2Fv2%2Fcategories&post=22772"},{"taxonomy":"post_tag","embeddable":true,"href":"https:\/\/boletinsonora.com.mx\/index.php?rest_route=%2Fwp%2Fv2%2Ftags&post=22772"}],"curies":[{"name":"wp","href":"https:\/\/api.w.org\/{rel}","templated":true}]}}