{"id":22775,"date":"2026-04-30T22:17:10","date_gmt":"2026-04-30T22:17:10","guid":{"rendered":"https:\/\/boletinsonora.com.mx\/?p=22775"},"modified":"2026-05-01T22:18:31","modified_gmt":"2026-05-01T22:18:31","slug":"morena-cierra-filas-con-inzunza-ante-criticas-de-eu","status":"publish","type":"post","link":"https:\/\/boletinsonora.com.mx\/?p=22775","title":{"rendered":"Morena cierra filas con Inzunza ante cr\u00edticas de EU"},"content":{"rendered":"\n<p>El senador de Morena,&nbsp;Enrique Inzunza, rechaz\u00f3 de manera categ\u00f3rica los se\u00f1alamientos emitidos por autoridades de Estados Unidos que lo vinculan con el&nbsp;<strong>C\u00e1rtel de Sinaloa<\/strong>, calific\u00e1ndolos como&nbsp;<strong>\u201cfalsos y dolosos\u201d<\/strong>.<\/p>\n\n\n\n<p>El legislador sostuvo que las imputaciones forman parte de una estrategia para desacreditar a actores pol\u00edticos ligados a la&nbsp;<strong>Cuarta Transformaci\u00f3n<\/strong>, en un momento de alta tensi\u00f3n pol\u00edtica.<\/p>\n\n\n\n<h2 class=\"wp-block-heading\">Se\u00f1alamientos como ofensiva pol\u00edtica<\/h2>\n\n\n\n<p>Inzunza afirm\u00f3 que las acusaciones no tienen sustento y responden a un intento de construir una narrativa negativa en torno a su figura y a su trayectoria p\u00fablica.<\/p>\n\n\n\n<p>Asegur\u00f3 que se trata de un&nbsp;<strong>ataque directo contra el proyecto pol\u00edtico<\/strong>&nbsp;al que pertenece, y no de un proceso basado en pruebas reales.<\/p>\n\n\n\n<h2 class=\"wp-block-heading\">Defensa de su trayectoria p\u00fablica<\/h2>\n\n\n\n<p>El senador subray\u00f3 que su carrera se ha desarrollado dentro del marco de la legalidad y que no existe evidencia que respalde los se\u00f1alamientos en su contra.<\/p>\n\n\n\n<p>Adem\u00e1s, insisti\u00f3 en que ha actuado con&nbsp;<strong>responsabilidad institucional<\/strong>&nbsp;y rechaz\u00f3 cualquier v\u00ednculo con actividades il\u00edcitas.<\/p>\n\n\n\n<h2 class=\"wp-block-heading\">Un caso que escala en la arena pol\u00edtica<\/h2>\n\n\n\n<p>Las declaraciones de Inzunza se dan en el contexto de las acusaciones presentadas por el&nbsp;<strong>Departamento de Justicia de Estados Unidos<\/strong>&nbsp;contra diversos funcionarios de Sinaloa, entre ellos el gobernador&nbsp;<strong>Rub\u00e9n Rocha Moya<\/strong>.<\/p>\n\n\n\n<p>El caso ha generado una fuerte reacci\u00f3n en el \u00e1mbito pol\u00edtico nacional, con posturas encontradas entre quienes piden investigar a fondo y quienes denuncian una&nbsp;<strong>intervenci\u00f3n externa en asuntos internos<\/strong>.<\/p>\n\n\n\n<h2 class=\"wp-block-heading\">Morena cierra filas<\/h2>\n\n\n\n<p>Desde el interior del partido, diversas voces han respaldado al senador, argumentando que las acusaciones deben analizarse con base en el&nbsp;<strong>debido proceso<\/strong>&nbsp;y no en declaraciones provenientes del extranjero sin validaci\u00f3n en M\u00e9xico.<\/p>\n\n\n\n<p>Este respaldo refleja la intenci\u00f3n de mantener cohesi\u00f3n pol\u00edtica frente a un escenario que podr\u00eda tener consecuencias mayores.<\/p>\n\n\n\n<h2 class=\"wp-block-heading\">Lo que est\u00e1 en juego<\/h2>\n\n\n\n<p>El caso no solo involucra a figuras espec\u00edficas, sino que tambi\u00e9n impacta la percepci\u00f3n sobre la&nbsp;<strong>relaci\u00f3n entre pol\u00edtica y crimen organizado<\/strong>, as\u00ed como la cooperaci\u00f3n entre M\u00e9xico y Estados Unidos en materia de seguridad.<\/p>\n\n\n\n<p>Las acusaciones han abierto un debate sobre los l\u00edmites de las acciones judiciales internacionales y su influencia en la pol\u00edtica nacional.<\/p>\n\n\n\n<h2 class=\"wp-block-heading\">Lo que podr\u00eda venir<\/h2>\n\n\n\n<p>Se prev\u00e9 que el tema contin\u00fae escalando en el \u00e1mbito pol\u00edtico y medi\u00e1tico, mientras se define si las autoridades mexicanas iniciar\u00e1n investigaciones propias.<\/p>\n\n\n\n<p>El desenlace podr\u00eda influir en la din\u00e1mica interna de Morena y en la relaci\u00f3n bilateral, en un contexto marcado por la sensibilidad de los temas de&nbsp;<strong>seguridad y soberan\u00eda<\/strong>.<\/p>\n","protected":false},"excerpt":{"rendered":"<p>El senador de Morena,&nbsp;Enrique Inzunza, rechaz\u00f3 de manera categ\u00f3rica los se\u00f1alamientos emitidos por autoridades de Estados Unidos que lo vinculan con el&nbsp;C\u00e1rtel de Sinaloa, calific\u00e1ndolos como&nbsp;\u201cfalsos y dolosos\u201d. El legislador sostuvo que las imputaciones forman parte de una estrategia para desacreditar a actores pol\u00edticos ligados a la&nbsp;Cuarta Transformaci\u00f3n, en un momento de alta tensi\u00f3n pol\u00edtica. Se\u00f1alamientos como ofensiva pol\u00edtica Inzunza afirm\u00f3 que las acusaciones no tienen sustento y responden a un intento de construir una narrativa negativa en torno a su figura y a su trayectoria p\u00fablica. Asegur\u00f3 que se trata de un&nbsp;ataque directo contra el proyecto pol\u00edtico&nbsp;al que pertenece,&#8230;<\/p>\n","protected":false},"author":13,"featured_media":22776,"comment_status":"closed","ping_status":"closed","sticky":false,"template":"","format":"standard","meta":{"footnotes":""},"categories":[37],"tags":[1133,4588,54],"class_list":["post-22775","post","type-post","status-publish","format-standard","has-post-thumbnail","hentry","category-politica","tag-eu","tag-inzunza","tag-morena"],"acf":[],"_links":{"self":[{"href":"https:\/\/boletinsonora.com.mx\/index.php?rest_route=\/wp\/v2\/posts\/22775","targetHints":{"allow":["GET"]}}],"collection":[{"href":"https:\/\/boletinsonora.com.mx\/index.php?rest_route=\/wp\/v2\/posts"}],"about":[{"href":"https:\/\/boletinsonora.com.mx\/index.php?rest_route=\/wp\/v2\/types\/post"}],"author":[{"embeddable":true,"href":"https:\/\/boletinsonora.com.mx\/index.php?rest_route=\/wp\/v2\/users\/13"}],"replies":[{"embeddable":true,"href":"https:\/\/boletinsonora.com.mx\/index.php?rest_route=%2Fwp%2Fv2%2Fcomments&post=22775"}],"version-history":[{"count":1,"href":"https:\/\/boletinsonora.com.mx\/index.php?rest_route=\/wp\/v2\/posts\/22775\/revisions"}],"predecessor-version":[{"id":22777,"href":"https:\/\/boletinsonora.com.mx\/index.php?rest_route=\/wp\/v2\/posts\/22775\/revisions\/22777"}],"wp:featuredmedia":[{"embeddable":true,"href":"https:\/\/boletinsonora.com.mx\/index.php?rest_route=\/wp\/v2\/media\/22776"}],"wp:attachment":[{"href":"https:\/\/boletinsonora.com.mx\/index.php?rest_route=%2Fwp%2Fv2%2Fmedia&parent=22775"}],"wp:term":[{"taxonomy":"category","embeddable":true,"href":"https:\/\/boletinsonora.com.mx\/index.php?rest_route=%2Fwp%2Fv2%2Fcategories&post=22775"},{"taxonomy":"post_tag","embeddable":true,"href":"https:\/\/boletinsonora.com.mx\/index.php?rest_route=%2Fwp%2Fv2%2Ftags&post=22775"}],"curies":[{"name":"wp","href":"https:\/\/api.w.org\/{rel}","templated":true}]}}